{"id":7832277,"date":"2019-01-17T14:03:24","date_gmt":"2019-01-17T14:03:24","guid":{"rendered":"https:\/\/old2.wildix.com\/?p=7832277"},"modified":"2019-01-18T11:09:52","modified_gmt":"2019-01-18T11:09:52","slug":"ucc-summit-2019","status":"publish","type":"post","link":"https:\/\/old.wildix.com\/de\/ucc-summit-2019\/","title":{"rendered":"UCC SUMMIT 2019: AM 18. UND 19. FEBRUAR FINDET DER ERSTE SUMMIT ZU DEN UNIFIED COMMUNICATIONS STATT"},"content":{"rendered":"<section class=\"wpb-content-wrapper\">[vc_row][vc_column width=&#8220;1\/2&#8243;][vc_column_text css=&#8220;.vc_custom_1547809382494{margin-bottom: 0px !important;}&#8220;]Am 18. und 19. Februar findet in Barcelona der erste von Wildix organisierte UCC SUMMIT statt, bei dem die besten Wildix-Partner aus den EMEA-M\u00e4rkten zusammenkommen werden, um unterst\u00fctzt durch die <b>Analysten von MZA Consultants<\/b> \u00a0und die <b>Vertriebsexperten von ValueSelling Associates<\/b> eine Bestandsaufnahme der neuesten Entwicklungstendenzen bei den Unified Communications vorzunehmen sowie Strategien f\u00fcr das Meistern der daraus resultierenden Herausforderungen zu er\u00f6rtern.<\/p>\n<p>Die Veranstaltung versteht sich dezidiert als Diskussionsforum, um das UCC-Gesch\u00e4ftsmodell angesichts der gegenw\u00e4rtigen Umbr\u00fcche radikal zu \u00fcberdenken und den notwendigen Schritt der Systemintegratoren von einfachen &#8222;Kabelziehern&#8220; zu echten Managed Service Providern zu er\u00f6rtern. Es gilt diese tiefgreifende <b>Markttransformation von On-Premise-Verk\u00e4ufen zum Modell UCC as a Service <\/b>verstehen und begegnen zu k\u00f6nnen.<\/p>\n<p><i>Der von Wildix federf\u00fchrend veranstaltete UCC Summit wird die besten europ\u00e4ischen Wildix-Partner versammeln, um unterst\u00fctzt durch die Analysten von MZA Consultants \u00a0und die Vertriebsexperten von ValueSelling Associates eine Bestandsaufnahme der neuesten Entwicklungstendenzen bei den Unified Communications vorzunehmen sowie Strategien f\u00fcr das Meistern der daraus resultierenden Herausforderungen zu er\u00f6rtern. Ein besonderes Event f\u00fcr UCC Experten, die auf dem sich wandelnden Markt Kompetenzen sch\u00e4rfen und den Schritt hin zum Managed Service Provider setzen m\u00f6chten.<\/i><\/p>\n<p><b>M\u00fcnchen, 17. Januar 2019<\/b> &#8211; Viele Unternehmen, die UCC-L\u00f6sungen verkaufen, beobachten alarmierende Tendenzen in Bezug auf die Umsatzentwicklung. Zu den Hauptursachen geh\u00f6ren einerseits ein \u00e4u\u00dferst harter Wettbewerb und andererseits ein radikaler Wandel in Bezug auf den Beschaffungsvorgang sowie das IT-Management sowie die exponentiell steigende Nutzung von Cloud-basierten Diensten.<\/p>\n<p>&#8222;Um mit dem Wandel in der Branche Schritt halten zu k\u00f6nnen, ist ein grundlegendes Umdenken des Gesch\u00e4ftsmodells sowie eine Profil\u00e4nderung der Systemintegratoren von einfachen&#8220; Kabelziehern&#8220; hin zu Managed Service Providern erforderlich. Die tiefgreifende Markttransformation von On-Premise-Verk\u00e4ufen hin zum Modell UCC as a Service muss von den Akteuren verstanden und ihr muss auf Augenh\u00f6he begegnet werden k\u00f6nnen. Diese Entwicklung k\u00f6nnen wir in L\u00e4ndern wie den USA bereits deutlich beobachten, wo der Transformationsprozess voll eingesetzt hat und schon seit geraumer Zeit diskutiert wird, w\u00e4hrend wir in Europa uns recht z\u00f6gerlich damit befassen &#8222;, kommentiert<b> Steve Osler, CEO von Wildix<\/b>.<\/p>\n<p>Aus diesem Grund wird Wildix den am 18. und 19. Februar 2019 stattfindenden Summit \u00a0ganz ins Zeichen der Unified Communications &amp; Collaboration setzen und den Rahmen des World Trade Center in Barcelona dazu nutzen, um mit den Teilnehmern die Erfolgsstrategie des neuen Gesch\u00e4ftsmodells UCC as a Service zu er\u00f6rtern.<\/p>\n<p>Der UCC Summit wird einen Monat sp\u00e4ter <b>in den USA<\/b> &#8211; und zwar <b>am 21. und 22. M\u00e4rz 2019 <\/b>in Washington DC &#8211; <b>repliziert<\/b>. Die Veranstaltung richtet sich an Systemintegratoren bzw. Systemh\u00e4user, die auf dem UCC-Markt t\u00e4tig sind, und das Veranstaltungsprogramm erstreckt sich \u00fcber zwei Tage.<\/p>\n<p>Der 18. Februar wird vorwiegend der Partnerkonferenz gewidmet sein, wobei auch hier im Zentrum der Diskussionsbeitr\u00e4ge die neuesten Entwicklungen der Unified Communications sowie der UCC-Dienste in der Cloud stehen sollen. Dar\u00fcber hinaus werden Produktneueinf\u00fchrungen von Wildix vorgestellt.<\/p>\n<p>Am zweiten Tag werden Workshops und Diskussionsforen abgehalten, um das Modell \u201cManaged Service Provider\u201d eingehender besprechen zu k\u00f6nnen sowie die notwendigen Schritte einer erfolgreichen Transformation der eigenen Unternehmensstrukturen in diese Richtung.<\/p>\n<p>Als Referenten werden u.a. <b>Jim Roche<\/b>, ValueSelling Associates (USA), und <b>Peter Hale<\/b>, MZA Consultants (UK), auftreten.<\/p>\n<p><b>Jim Roche<\/b> verf\u00fcgt \u00fcber mehr als 30 Jahre Erfahrung in leitenden Management- und F\u00fchrungspositionen von Start-ups bis hin zu etablierten Unternehmen. Die komplexen Herausforderungen verschiedenster Vertriebsszenarien sind ihm bestens bekannt. Als Teil des Netzwerkes ValueSelling Associates kann er im Rahmen des ValueSelling Framework\u00ae ein wirkungsvolles Instrument f\u00fcr den Vertrieb bereitstellen.<\/p>\n<p><b>Peter Hale<\/b> leitet in seiner Funktion als Chefanalyst und Programm-Manager bei MZA seit mehr als 15 Jahren das Portfolio Forschung und Analyse im Bereich Business Communications. In den vergangenen f\u00fcnf Jahren legte er bei seiner Analyset\u00e4tigkeit einen besonderen Fokus auf die Entwicklung von Cloud-basierten L\u00f6sungen f\u00fcr die Unternehmenskommunikation, den Stand hinsichtlich der Verlagerung von On-Prem zu Cloud-basierten L\u00f6sungen und darauf, wie dieser Prozess je nach Region und Land variiert.<\/p>\n<p>W\u00e4hrend des zweit\u00e4gigen UCC Summit werden die Teilnehmer die M\u00f6glichkeit haben, Angebote zum Vorzugspreis f\u00fcr ausgew\u00e4hlte Wildix-Produkte sowie Produkte der anwesenden Aussteller nutzen zu k\u00f6nnen. Als Aussteller konnten bereits ZOHO CRM, OPENIP, IPSCAPE, LEGRAND \/ BTICINO, PLENOM (Kuando Busylight) gewonnen werden.[\/vc_column_text][\/vc_column][vc_column width=&#8220;1\/2&#8243;][mk_image src=&#8220;https:\/\/old.wildix.com\/wp-content\/uploads\/2018\/12\/register-to-ucc-summit-wildix.jpg&#8220; image_size=&#8220;full&#8220; align=&#8220;center&#8220; margin_bottom=&#8220;30&#8243;][mk_fancy_title size=&#8220;28&#8243; force_font_size=&#8220;true&#8220; size_smallscreen=&#8220;25&#8243; size_tablet=&#8220;25&#8243; size_phone=&#8220;20&#8243; margin_top=&#8220;20&#8243; margin_bottom=&#8220;10&#8243; font_family=&#8220;none&#8220; align=&#8220;center&#8220;]\n<p style=\"text-align: center;\"><b>Weitere Informationen<br \/>\nsowie Anmeldung zum Event unter:<\/b><\/p>\n[\/mk_fancy_title][mk_button dimension=&#8220;outline&#8220; corner_style=&#8220;full_rounded&#8220; size=&#8220;x-large&#8220; icon=&#8220;mk-icon-crosshairs&#8220; url=&#8220;https:\/\/www.uc-summit.com\/&#8220; target=&#8220;_blank&#8220; align=&#8220;center&#8220; outline_skin=&#8220;custom&#8220; outline_active_color=&#8220;#dd9933&#8243; outline_active_text_color=&#8220;#dd9933&#8243; outline_hover_bg_color=&#8220;#dd9933&#8243; outline_hover_color=&#8220;#ffffff&#8220;]www.ucc-summit.com[\/mk_button][\/vc_column][\/vc_row]\n<\/section>","protected":false},"excerpt":{"rendered":"<p>[vc_row][vc_column width=&#8220;1\/2&#8243;][vc_column_text css=&#8220;.vc_custom_1547809382494{margin-bottom: 0px !important;}&#8220;]Am 18. und 19. Februar findet in Barcelona der erste von Wildix organisierte UCC SUMMIT statt, bei dem die besten Wildix-Partner aus den EMEA-M\u00e4rkten zusammenkommen werden, um unterst\u00fctzt durch die Analysten von MZA Consultants \u00a0und die Vertriebsexperten von ValueSelling Associates eine Bestandsaufnahme der neuesten Entwicklungstendenzen bei den Unified Communications vorzunehmen sowie [&hellip;]<\/p>\n","protected":false},"author":6,"featured_media":7831503,"parent":0,"comment_status":"closed","ping_status":"closed","sticky":false,"template":"","format":"standard","meta":{"wpupg_custom_link":[],"wpupg_custom_link_behaviour":[],"wpupg_custom_image":[],"wpupg_custom_image_id":[],"footnotes":""},"categories":[100],"tags":[],"acf":[],"yoast_head":"<!-- This site is optimized with the Yoast SEO plugin v21.8 - https:\/\/yoast.com\/wordpress\/plugins\/seo\/ -->\n<title>UCC Summit 2019: am 18. und 19. Februar findet der erste Summit zu den Unified Communications statt<\/title>\n<meta name=\"description\" content=\"Der von Wildix federf\u00fchrend veranstaltete UCC Summit wird die besten europ\u00e4ischen Wildix-Partner versammeln, um unterst\u00fctzt durch die Analysten von MZA Consultants und die Vertriebsexperten von ValueSelling Associates eine Bestandsaufnahme der neuesten Entwicklungstendenzen bei den Unified Communications vorzunehmen sowie Strategien f\u00fcr das Meistern der daraus resultierenden Herausforderungen zu er\u00f6rtern.\" \/>\n<meta name=\"robots\" content=\"noindex, follow, max-snippet:-1, max-image-preview:large, max-video-preview:-1\" \/>\n<meta property=\"og:locale\" content=\"de_DE\" \/>\n<meta property=\"og:type\" content=\"article\" \/>\n<meta property=\"og:title\" content=\"UCC Summit 2019: am 18. und 19. Februar findet der erste Summit zu den Unified Communications statt\" \/>\n<meta property=\"og:description\" content=\"Der von Wildix federf\u00fchrend veranstaltete UCC Summit wird die besten europ\u00e4ischen Wildix-Partner versammeln, um unterst\u00fctzt durch die Analysten von MZA Consultants und die Vertriebsexperten von ValueSelling Associates eine Bestandsaufnahme der neuesten Entwicklungstendenzen bei den Unified Communications vorzunehmen sowie Strategien f\u00fcr das Meistern der daraus resultierenden Herausforderungen zu er\u00f6rtern.\" \/>\n<meta property=\"og:url\" content=\"https:\/\/old.wildix.com\/de\/ucc-summit-2019\/\" \/>\n<meta property=\"og:site_name\" content=\"Wildix\" \/>\n<meta property=\"article:published_time\" content=\"2019-01-17T14:03:24+00:00\" \/>\n<meta property=\"article:modified_time\" content=\"2019-01-18T11:09:52+00:00\" \/>\n<meta property=\"og:image\" content=\"https:\/\/old.wildix.com\/wp-content\/uploads\/2018\/12\/register-to-ucc-summit-wildix.jpg\" \/>\n\t<meta property=\"og:image:width\" content=\"500\" \/>\n\t<meta property=\"og:image:height\" content=\"304\" \/>\n\t<meta property=\"og:image:type\" content=\"image\/jpeg\" \/>\n<meta name=\"author\" content=\"Anna Zhuravlyova\" \/>\n<meta name=\"twitter:card\" content=\"summary_large_image\" \/>\n<meta name=\"twitter:label1\" content=\"Verfasst von\" \/>\n\t<meta name=\"twitter:data1\" content=\"Anna Zhuravlyova\" \/>\n\t<meta name=\"twitter:label2\" content=\"Gesch\u00e4tzte Lesezeit\" \/>\n\t<meta name=\"twitter:data2\" content=\"4 Minuten\" \/>\n<script type=\"application\/ld+json\" class=\"yoast-schema-graph\">{\"@context\":\"https:\/\/schema.org\",\"@graph\":[{\"@type\":\"Article\",\"@id\":\"https:\/\/old.wildix.com\/de\/ucc-summit-2019\/#article\",\"isPartOf\":{\"@id\":\"https:\/\/old.wildix.com\/de\/ucc-summit-2019\/\"},\"author\":{\"name\":\"Anna Zhuravlyova\",\"@id\":\"https:\/\/old.wildix.com\/#\/schema\/person\/d3941e5c08ca42da1b2aadcfeb7bb882\"},\"headline\":\"UCC SUMMIT 2019: AM 18. UND 19. FEBRUAR FINDET DER ERSTE SUMMIT ZU DEN UNIFIED COMMUNICATIONS STATT\",\"datePublished\":\"2019-01-17T14:03:24+00:00\",\"dateModified\":\"2019-01-18T11:09:52+00:00\",\"mainEntityOfPage\":{\"@id\":\"https:\/\/old.wildix.com\/de\/ucc-summit-2019\/\"},\"wordCount\":848,\"publisher\":{\"@id\":\"https:\/\/old.wildix.com\/#organization\"},\"articleSection\":[\"News German\"],\"inLanguage\":\"de-DE\"},{\"@type\":\"WebPage\",\"@id\":\"https:\/\/old.wildix.com\/de\/ucc-summit-2019\/\",\"url\":\"https:\/\/old.wildix.com\/de\/ucc-summit-2019\/\",\"name\":\"UCC Summit 2019: am 18. und 19. Februar findet der erste Summit zu den Unified Communications statt\",\"isPartOf\":{\"@id\":\"https:\/\/old.wildix.com\/#website\"},\"datePublished\":\"2019-01-17T14:03:24+00:00\",\"dateModified\":\"2019-01-18T11:09:52+00:00\",\"description\":\"Der von Wildix federf\u00fchrend veranstaltete UCC Summit wird die besten europ\u00e4ischen Wildix-Partner versammeln, um unterst\u00fctzt durch die Analysten von MZA Consultants und die Vertriebsexperten von ValueSelling Associates eine Bestandsaufnahme der neuesten Entwicklungstendenzen bei den Unified Communications vorzunehmen sowie Strategien f\u00fcr das Meistern der daraus resultierenden Herausforderungen zu er\u00f6rtern.\",\"breadcrumb\":{\"@id\":\"https:\/\/old.wildix.com\/de\/ucc-summit-2019\/#breadcrumb\"},\"inLanguage\":\"de-DE\",\"potentialAction\":[{\"@type\":\"ReadAction\",\"target\":[\"https:\/\/old.wildix.com\/de\/ucc-summit-2019\/\"]}]},{\"@type\":\"BreadcrumbList\",\"@id\":\"https:\/\/old.wildix.com\/de\/ucc-summit-2019\/#breadcrumb\",\"itemListElement\":[{\"@type\":\"ListItem\",\"position\":1,\"name\":\"Home\",\"item\":\"https:\/\/old.wildix.com\/\"},{\"@type\":\"ListItem\",\"position\":2,\"name\":\"UCC SUMMIT 2019: AM 18. UND 19. FEBRUAR FINDET DER ERSTE SUMMIT ZU DEN UNIFIED COMMUNICATIONS STATT\"}]},{\"@type\":\"WebSite\",\"@id\":\"https:\/\/old.wildix.com\/#website\",\"url\":\"https:\/\/old.wildix.com\/\",\"name\":\"Wildix\",\"description\":\"Wildix PBX | VoIP Solutions | Unified Communications | WebRTC\",\"publisher\":{\"@id\":\"https:\/\/old.wildix.com\/#organization\"},\"potentialAction\":[{\"@type\":\"SearchAction\",\"target\":{\"@type\":\"EntryPoint\",\"urlTemplate\":\"https:\/\/old.wildix.com\/?s={search_term_string}\"},\"query-input\":\"required name=search_term_string\"}],\"inLanguage\":\"de-DE\"},{\"@type\":\"Organization\",\"@id\":\"https:\/\/old.wildix.com\/#organization\",\"name\":\"Wildix\",\"url\":\"https:\/\/old.wildix.com\/\",\"logo\":{\"@type\":\"ImageObject\",\"inLanguage\":\"de-DE\",\"@id\":\"https:\/\/old.wildix.com\/#\/schema\/logo\/image\/\",\"url\":\"https:\/\/old.wildix.com\/wp-content\/uploads\/2018\/04\/wildix-logo-2.png\",\"contentUrl\":\"https:\/\/old.wildix.com\/wp-content\/uploads\/2018\/04\/wildix-logo-2.png\",\"width\":440,\"height\":200,\"caption\":\"Wildix\"},\"image\":{\"@id\":\"https:\/\/old.wildix.com\/#\/schema\/logo\/image\/\"}},{\"@type\":\"Person\",\"@id\":\"https:\/\/old.wildix.com\/#\/schema\/person\/d3941e5c08ca42da1b2aadcfeb7bb882\",\"name\":\"Anna Zhuravlyova\"}]}<\/script>\n<!-- \/ Yoast SEO plugin. -->","yoast_head_json":{"title":"UCC Summit 2019: am 18. und 19. Februar findet der erste Summit zu den Unified Communications statt","description":"Der von Wildix federf\u00fchrend veranstaltete UCC Summit wird die besten europ\u00e4ischen Wildix-Partner versammeln, um unterst\u00fctzt durch die Analysten von MZA Consultants und die Vertriebsexperten von ValueSelling Associates eine Bestandsaufnahme der neuesten Entwicklungstendenzen bei den Unified Communications vorzunehmen sowie Strategien f\u00fcr das Meistern der daraus resultierenden Herausforderungen zu er\u00f6rtern.","robots":{"index":"noindex","follow":"follow","max-snippet":"max-snippet:-1","max-image-preview":"max-image-preview:large","max-video-preview":"max-video-preview:-1"},"og_locale":"de_DE","og_type":"article","og_title":"UCC Summit 2019: am 18. und 19. Februar findet der erste Summit zu den Unified Communications statt","og_description":"Der von Wildix federf\u00fchrend veranstaltete UCC Summit wird die besten europ\u00e4ischen Wildix-Partner versammeln, um unterst\u00fctzt durch die Analysten von MZA Consultants und die Vertriebsexperten von ValueSelling Associates eine Bestandsaufnahme der neuesten Entwicklungstendenzen bei den Unified Communications vorzunehmen sowie Strategien f\u00fcr das Meistern der daraus resultierenden Herausforderungen zu er\u00f6rtern.","og_url":"https:\/\/old.wildix.com\/de\/ucc-summit-2019\/","og_site_name":"Wildix","article_published_time":"2019-01-17T14:03:24+00:00","article_modified_time":"2019-01-18T11:09:52+00:00","og_image":[{"width":500,"height":304,"url":"https:\/\/old.wildix.com\/wp-content\/uploads\/2018\/12\/register-to-ucc-summit-wildix.jpg","type":"image\/jpeg"}],"author":"Anna Zhuravlyova","twitter_card":"summary_large_image","twitter_misc":{"Verfasst von":"Anna Zhuravlyova","Gesch\u00e4tzte Lesezeit":"4 Minuten"},"schema":{"@context":"https:\/\/schema.org","@graph":[{"@type":"Article","@id":"https:\/\/old.wildix.com\/de\/ucc-summit-2019\/#article","isPartOf":{"@id":"https:\/\/old.wildix.com\/de\/ucc-summit-2019\/"},"author":{"name":"Anna Zhuravlyova","@id":"https:\/\/old.wildix.com\/#\/schema\/person\/d3941e5c08ca42da1b2aadcfeb7bb882"},"headline":"UCC SUMMIT 2019: AM 18. UND 19. FEBRUAR FINDET DER ERSTE SUMMIT ZU DEN UNIFIED COMMUNICATIONS STATT","datePublished":"2019-01-17T14:03:24+00:00","dateModified":"2019-01-18T11:09:52+00:00","mainEntityOfPage":{"@id":"https:\/\/old.wildix.com\/de\/ucc-summit-2019\/"},"wordCount":848,"publisher":{"@id":"https:\/\/old.wildix.com\/#organization"},"articleSection":["News German"],"inLanguage":"de-DE"},{"@type":"WebPage","@id":"https:\/\/old.wildix.com\/de\/ucc-summit-2019\/","url":"https:\/\/old.wildix.com\/de\/ucc-summit-2019\/","name":"UCC Summit 2019: am 18. und 19. Februar findet der erste Summit zu den Unified Communications statt","isPartOf":{"@id":"https:\/\/old.wildix.com\/#website"},"datePublished":"2019-01-17T14:03:24+00:00","dateModified":"2019-01-18T11:09:52+00:00","description":"Der von Wildix federf\u00fchrend veranstaltete UCC Summit wird die besten europ\u00e4ischen Wildix-Partner versammeln, um unterst\u00fctzt durch die Analysten von MZA Consultants und die Vertriebsexperten von ValueSelling Associates eine Bestandsaufnahme der neuesten Entwicklungstendenzen bei den Unified Communications vorzunehmen sowie Strategien f\u00fcr das Meistern der daraus resultierenden Herausforderungen zu er\u00f6rtern.","breadcrumb":{"@id":"https:\/\/old.wildix.com\/de\/ucc-summit-2019\/#breadcrumb"},"inLanguage":"de-DE","potentialAction":[{"@type":"ReadAction","target":["https:\/\/old.wildix.com\/de\/ucc-summit-2019\/"]}]},{"@type":"BreadcrumbList","@id":"https:\/\/old.wildix.com\/de\/ucc-summit-2019\/#breadcrumb","itemListElement":[{"@type":"ListItem","position":1,"name":"Home","item":"https:\/\/old.wildix.com\/"},{"@type":"ListItem","position":2,"name":"UCC SUMMIT 2019: AM 18. UND 19. FEBRUAR FINDET DER ERSTE SUMMIT ZU DEN UNIFIED COMMUNICATIONS STATT"}]},{"@type":"WebSite","@id":"https:\/\/old.wildix.com\/#website","url":"https:\/\/old.wildix.com\/","name":"Wildix","description":"Wildix PBX | VoIP Solutions | Unified Communications | WebRTC","publisher":{"@id":"https:\/\/old.wildix.com\/#organization"},"potentialAction":[{"@type":"SearchAction","target":{"@type":"EntryPoint","urlTemplate":"https:\/\/old.wildix.com\/?s={search_term_string}"},"query-input":"required name=search_term_string"}],"inLanguage":"de-DE"},{"@type":"Organization","@id":"https:\/\/old.wildix.com\/#organization","name":"Wildix","url":"https:\/\/old.wildix.com\/","logo":{"@type":"ImageObject","inLanguage":"de-DE","@id":"https:\/\/old.wildix.com\/#\/schema\/logo\/image\/","url":"https:\/\/old.wildix.com\/wp-content\/uploads\/2018\/04\/wildix-logo-2.png","contentUrl":"https:\/\/old.wildix.com\/wp-content\/uploads\/2018\/04\/wildix-logo-2.png","width":440,"height":200,"caption":"Wildix"},"image":{"@id":"https:\/\/old.wildix.com\/#\/schema\/logo\/image\/"}},{"@type":"Person","@id":"https:\/\/old.wildix.com\/#\/schema\/person\/d3941e5c08ca42da1b2aadcfeb7bb882","name":"Anna Zhuravlyova"}]}},"_links":{"self":[{"href":"https:\/\/old.wildix.com\/de\/wp-json\/wp\/v2\/posts\/7832277"}],"collection":[{"href":"https:\/\/old.wildix.com\/de\/wp-json\/wp\/v2\/posts"}],"about":[{"href":"https:\/\/old.wildix.com\/de\/wp-json\/wp\/v2\/types\/post"}],"author":[{"embeddable":true,"href":"https:\/\/old.wildix.com\/de\/wp-json\/wp\/v2\/users\/6"}],"replies":[{"embeddable":true,"href":"https:\/\/old.wildix.com\/de\/wp-json\/wp\/v2\/comments?post=7832277"}],"version-history":[{"count":0,"href":"https:\/\/old.wildix.com\/de\/wp-json\/wp\/v2\/posts\/7832277\/revisions"}],"wp:featuredmedia":[{"embeddable":true,"href":"https:\/\/old.wildix.com\/de\/wp-json\/wp\/v2\/media\/7831503"}],"wp:attachment":[{"href":"https:\/\/old.wildix.com\/de\/wp-json\/wp\/v2\/media?parent=7832277"}],"wp:term":[{"taxonomy":"category","embeddable":true,"href":"https:\/\/old.wildix.com\/de\/wp-json\/wp\/v2\/categories?post=7832277"},{"taxonomy":"post_tag","embeddable":true,"href":"https:\/\/old.wildix.com\/de\/wp-json\/wp\/v2\/tags?post=7832277"}],"curies":[{"name":"wp","href":"https:\/\/api.w.org\/{rel}","templated":true}]}}