{"id":7855653,"date":"2020-07-10T10:00:11","date_gmt":"2020-07-10T10:00:11","guid":{"rendered":"https:\/\/old2.wildix.com\/?p=7855653"},"modified":"2020-10-12T06:27:11","modified_gmt":"2020-10-12T06:27:11","slug":"digitale-solidaritaet-im-fokus","status":"publish","type":"post","link":"https:\/\/old.wildix.com\/de\/digitale-solidaritaet-im-fokus\/","title":{"rendered":"Digitale Solidarit\u00e4t im Fokus"},"content":{"rendered":"<section class=\"wpb-content-wrapper\">[vc_row][vc_column width=&#8220;2\/3&#8243;][vc_column_text css=&#8220;.vc_custom_1594537233814{margin-bottom: 0px !important;}&#8220;]<span style=\"background-color: #003366; color: #ffffff; padding: 10px 10px 10px 10px; border-radius: 3px;\">Pressemitteilung<\/span>[\/vc_column_text][vc_column_text css=&#8220;.vc_custom_1594736945467{margin-bottom: 0px !important;}&#8220;]Germering (10. Juni 2020) \u2013 Der international agierende UCC-Spezialist Wildix kann auf herausragende Ergebnisse seiner Initiative verweisen, mit der Unternehmenskunden sechs Monate kostenlos die UC-L\u00f6sung inklusive Videokonferenz, Chat und Mobile Apps zur Verf\u00fcgung gestellt werden. Steve Osler, CEO von Wildix, h\u00e4lt gleichzeitig fest, dass viele Unternehmen beim Wechsel zum \u201cDigital Workplace\u201d immer noch (vermeidbare) Fehler machen.[\/vc_column_text][vc_column_text css=&#8220;.vc_custom_1594539079861{margin-top: 5px !important;margin-bottom: 10px !important;border-left-width: 5px !important;padding-top: 2% !important;padding-left: 5% !important;border-left-color: #dd9933 !important;border-left-style: solid !important;}&#8220;]<em>\u201cDie Ausstattung eines Unternehmens mit einer Smart Working-L\u00f6sung ist heutzutage \u2013 und zwar nicht nur in globalen Ausnahmesituationen \u2013 von entscheidender Bedeutung f\u00fcr die Produktivit\u00e4t. Deshalb ist mobiles Arbeiten bei uns seit jeher Standard\u201d, betont Steve Osler, CEO von Wildix. Doch viele Verantwortliche in mittelst\u00e4ndischen Unternehmen sind noch z\u00f6gerlich, was die Umstellung auf das neue Arbeitsmodell angeht, da sie Kontrollverlust sowie Pannen im Bereich Datensicherheit bef\u00fcrchten. \u201cBei der Wahl der richtigen UC-Plattform treten h\u00e4ufig drei Fehler auf: Kaufentscheidungen werden entweder aufgrund des niedrigsten Preises, aufgrund der Aussage \u2018das nutzt halt jeder\u2019 oder auf Basis einer oberfl\u00e4chlichen Bedarfsanalyse getroffen\u201d, sagt Steve Osler.<\/em>[\/vc_column_text][mk_fancy_title size=&#8220;28&#8243; force_font_size=&#8220;true&#8220; size_smallscreen=&#8220;25&#8243; size_tablet=&#8220;25&#8243; size_phone=&#8220;20&#8243; margin_top=&#8220;20&#8243; margin_bottom=&#8220;10&#8243; font_family=&#8220;none&#8220;]Gelebte Digitale Solidarit\u00e4t[\/mk_fancy_title][vc_column_text css=&#8220;.vc_custom_1594631665927{margin-bottom: 0px !important;}&#8220;]Das im Jahr 2005 von den Osler-Br\u00fcdern gegr\u00fcndete und <strong>auf Unified Communications spezialisierte Unternehmen<\/strong> unterst\u00fctzt <strong>1,2 Mio. aktive Wildix User<\/strong> <em>(Stand Mai 2020)<\/em> seit jeher mit einer <a href=\"https:\/\/old.wildix.com\/de\/videokonferenz-smartworking\/\" target=\"_blank\" rel=\"noopener noreferrer\">Smart Working L\u00f6sung<\/a>. Gleich zu Beginn der Covid-19-Pandemie rief man zus\u00e4tzlich eine solidarische Aktion ins Leben und konnte damit in nur wenigen Wochen weiteren <strong>17.000 Neukunden<\/strong>\u00a0helfen, <strong>trotz des Shut-Downs gesch\u00e4ftsf\u00e4hig zu bleiben<\/strong>.<\/p>\n<p><strong>F\u00fcr sechs Monate konnten Neukunden die UC-L\u00f6sung kostenlos nutzen<\/strong>, was nicht nur Telefonie, sondern auch Videokonferenz, Chat und Mobile Apps umfasste. Gleichzeitig unterst\u00fctzte das Unternehmen in mehreren europ\u00e4ischen L\u00e4ndern von der Regierung ins Leben gerufene Aktionen zur Aufrechterhaltung der Business-Kontinuit\u00e4t, unter anderem das \u201cDigital Team \u00d6sterreich\u201d.<\/p>\n<p>Das <strong>neue, noch leistungsst\u00e4rkere Release<\/strong> des Wildix Management Systems <a href=\"https:\/\/old.wildix.com\/de\/wms-5-june-2020\/\" target=\"_blank\" rel=\"noopener noreferrer\">WMS 5<\/a> erg\u00e4nzt mittlerweile die L\u00f6sung um zahlreiche Features und bietet den Anwendern mit <strong>Wizyconf<\/strong> ein <strong>komplett \u00fcberarbeitetes Videokonferenz-Tool<\/strong>.[\/vc_column_text][mk_fancy_title size=&#8220;28&#8243; force_font_size=&#8220;true&#8220; size_smallscreen=&#8220;25&#8243; size_tablet=&#8220;25&#8243; size_phone=&#8220;20&#8243; margin_top=&#8220;20&#8243; margin_bottom=&#8220;10&#8243; font_family=&#8220;none&#8220;]&#8217;New Work&#8216; als neues Mindset[\/mk_fancy_title][vc_column_text css=&#8220;.vc_custom_1594539843277{margin-bottom: 0px !important;}&#8220;]\u201cDie Ausstattung eines Unternehmens mit einer Smart Working-L\u00f6sung ist heutzutage \u2013 und zwar nicht nur in globalen Ausnahmesituationen \u2013 von entscheidender Bedeutung f\u00fcr die Produktivit\u00e4t. Deshalb ist mobiles Arbeiten bei uns seit jeher Standard\u201d, betont Steve Osler, CEO von Wildix. Doch viele Verantwortliche in mittelst\u00e4ndischen Unternehmen sind noch z\u00f6gerlich, was die Umstellung auf das neue Arbeitsmodell angeht, da sie Kontrollverlust sowie Pannen im Bereich Datensicherheit bef\u00fcrchten.<\/p>\n<p>Durch die Pandemie ist die <strong>Digitalisierung des Arbeitsumfeldes<\/strong> allerdings zum unausweichlichen Imperativ geworden und der Transformationsprozess derzeit in vollem Gange. Die Kommunikationssysteme in Unternehmen werden nun auf mobiles Arbeiten umger\u00fcstet, wenn auch nicht immer mit jener Weitsicht, die vonn\u00f6ten w\u00e4re: \u201cBei der Wahl der richtigen UC-Plattform treten h\u00e4ufig drei Fehler auf: Kaufentscheidungen werden entweder aufgrund des niedrigsten Preises, aufgrund der Aussage \u2018das nutzt halt jeder\u2019 oder auf Basis einer oberfl\u00e4chlichen Bedarfsanalyse getroffen\u201d, sagt Steve Osler.[\/vc_column_text][mk_fancy_title size=&#8220;28&#8243; force_font_size=&#8220;true&#8220; size_smallscreen=&#8220;25&#8243; size_tablet=&#8220;25&#8243; size_phone=&#8220;20&#8243; margin_top=&#8220;20&#8243; margin_bottom=&#8220;10&#8243; font_family=&#8220;none&#8220;]Professionelle Beratung durch Systemintegratoren als Garant f\u00fcr erfolgreiche Umsetzung[\/mk_fancy_title][vc_column_text css=&#8220;.vc_custom_1594539889402{margin-bottom: 0px !important;}&#8220;]Einsparungen gehen meist zu Lasten der Sicherheit, der Funktionalit\u00e4t, der Integrierbarkeit und des Supports. Die Negativfolgen treten aber erst sp\u00e4ter deutlich hervor. Um dies zu umgehen, r\u00e4t Steve Osler: \u201cUm die richtige Wahl zu treffen, sollte ein Unternehmen sich im Vorfeld beraten und begleiten lassen. Es ist sinnvoll, sich an den Systemintegrator des Vertrauens zu wenden und nicht direkt vom Anbieter kaufen.\u201d Denn <strong>mit einer genauen Bedarfsanalyse kann die perfekt auf das Unternehmen zugeschnittene L\u00f6sung gefunden und implementiert werden<\/strong>. Man sollte unbedingt darauf achten, dass das System die erforderlichen Grundanforderungen abdeckt.[\/vc_column_text][mk_fancy_title size=&#8220;28&#8243; force_font_size=&#8220;true&#8220; size_smallscreen=&#8220;25&#8243; size_tablet=&#8220;25&#8243; size_phone=&#8220;20&#8243; margin_top=&#8220;20&#8243; margin_bottom=&#8220;10&#8243; font_family=&#8220;none&#8220;]4 Must-Haves[\/mk_fancy_title][vc_column_text css=&#8220;.vc_custom_1594539187415{margin-bottom: 0px !important;}&#8220;]\n<ul>\n<li><strong>100% sicher<\/strong> und es besteht keine Notwendigkeit zur Anschaffung zus\u00e4tzlicher Firewalls.<\/li>\n<li>Die L\u00f6sung ist <strong>\u201ebenutzerfreundlich\u201c<\/strong> konzipiert, damit \u2013 generationen\u00fcbergreifend \u2013 alle Anwender im Unternehmen mit der Bedienung der neuen Tools zurecht kommen.<\/li>\n<li><strong>Kompatibilit\u00e4t<\/strong> ist auf jedem <strong>PC bzw. mobilen Endger\u00e4t<\/strong> gegeben, sodass der Mitarbeiter mit einem Klick oder einem Fingertipp auf dem Smartphone auf sein \u201evirtuelles B\u00fcro\u201c zugreifen kann und eine schnelle Interaktion sowie Synchronit\u00e4t zwischen Smartphone und Desktop-PC sichergestellt sind.<\/li>\n<li>Die L\u00f6sung ist <strong>perfekt abgestimmt mit dem vom Unternehmen verwendeten CRM<\/strong>, sprich eine Integration ist vorhanden.<\/li>\n<\/ul>\n[\/vc_column_text][vc_column_text css=&#8220;.vc_custom_1594539625039{margin-bottom: 0px !important;}&#8220;]All diese Kriterien sind der Entwicklung der Wildix UC&amp;C-L\u00f6sung zu Grunde gelegt worden. Daher kann die <strong>Wildix Smart Working-Plattform<\/strong> von jedem Ger\u00e4t aus \u00fcber einen Browser aufgerufen und genutzt werden. Durch die WebRTC-Technologie sind Videokonferenzen mit Kollegen (intern) und Kunden (extern) einfach per Mausklick umsetzbar. Die L\u00f6sung ist intuitiv aufgebaut, einfach zu handhaben und basiert gleichzeitig auf einer komplexen Software-Architektur, die secure-by-design und damit sicher vor Hacker-Angriffen ist. Und ein besonders wichtiger Punkt, wenn es schnell gehen muss: Das komplette Set-Up der Plattform ist innerhalb eines Tages realisierbar und auch remote m\u00f6glich.[\/vc_column_text][\/vc_column][vc_column width=&#8220;1\/3&#8243;][mk_padding_divider size=&#8220;50&#8243;][vc_video link=&#8220;https:\/\/wildix.wistia.com\/medias\/m4bnaa0ex1&#8243; custom_thumbnail=&#8220;true&#8220; play_icon_size=&#8220;64&#8243; play_icon_color=&#8220;#dd9933&#8243; thumbnail_image=&#8220;7855639&#8243;][mk_padding_divider size=&#8220;20&#8243;][mk_button dimension=&#8220;outline&#8220; corner_style=&#8220;full_rounded&#8220; size=&#8220;large&#8220; url=&#8220;https:\/\/old.wildix.com\/de\/videokonferenz-smartworking\/&#8220; target=&#8220;_blank&#8220; align=&#8220;center&#8220; outline_skin=&#8220;custom&#8220; outline_active_color=&#8220;#dd9933&#8243; outline_active_text_color=&#8220;#dd9933&#8243; outline_hover_bg_color=&#8220;#dd9933&#8243; outline_hover_color=&#8220;#ffffff&#8220;]SMART WORKING mit Wildix[\/mk_button][\/vc_column][\/vc_row]\n<\/section>","protected":false},"excerpt":{"rendered":"<p>[vc_row][vc_column width=&#8220;2\/3&#8243;][vc_column_text css=&#8220;.vc_custom_1594537233814{margin-bottom: 0px !important;}&#8220;]Pressemitteilung[\/vc_column_text][vc_column_text css=&#8220;.vc_custom_1594736945467{margin-bottom: 0px !important;}&#8220;]Germering (10. Juni 2020) \u2013 Der international agierende UCC-Spezialist Wildix kann auf herausragende Ergebnisse seiner Initiative verweisen, mit der Unternehmenskunden sechs Monate kostenlos die UC-L\u00f6sung inklusive Videokonferenz, Chat und Mobile Apps zur Verf\u00fcgung gestellt werden. Steve Osler, CEO von Wildix, h\u00e4lt gleichzeitig fest, dass viele Unternehmen beim Wechsel [&hellip;]<\/p>\n","protected":false},"author":11,"featured_media":7850475,"parent":0,"comment_status":"open","ping_status":"open","sticky":false,"template":"","format":"standard","meta":{"wpupg_custom_link":[],"wpupg_custom_link_behaviour":[],"wpupg_custom_image":[],"wpupg_custom_image_id":[],"footnotes":""},"categories":[100],"tags":[],"acf":[],"yoast_head":"<!-- This site is optimized with the Yoast SEO plugin v21.8 - https:\/\/yoast.com\/wordpress\/plugins\/seo\/ -->\n<title>Digitale Solidarit\u00e4t im Fokus &#8226; Wildix<\/title>\n<meta name=\"description\" content=\"Der international agierende UC-Spezialist Wildix unterst\u00fctzt mit seiner Smart Working Initiative tatkr\u00e4ftig Unternehmenskunden beim Digitalisierungsprozess.\" \/>\n<meta name=\"robots\" content=\"noindex, follow, max-snippet:-1, max-image-preview:large, max-video-preview:-1\" \/>\n<meta property=\"og:locale\" content=\"de_DE\" \/>\n<meta property=\"og:type\" content=\"article\" \/>\n<meta property=\"og:title\" content=\"Digitale Solidarit\u00e4t im Fokus &#8226; Wildix\" \/>\n<meta property=\"og:description\" content=\"Der international agierende UC-Spezialist Wildix unterst\u00fctzt mit seiner Smart Working Initiative tatkr\u00e4ftig Unternehmenskunden beim Digitalisierungsprozess.\" \/>\n<meta property=\"og:url\" content=\"https:\/\/old.wildix.com\/de\/digitale-solidaritaet-im-fokus\/\" \/>\n<meta property=\"og:site_name\" content=\"Wildix\" \/>\n<meta property=\"article:published_time\" content=\"2020-07-10T10:00:11+00:00\" \/>\n<meta property=\"article:modified_time\" content=\"2020-10-12T06:27:11+00:00\" \/>\n<meta property=\"og:image\" content=\"https:\/\/old.wildix.com\/wp-content\/uploads\/2020\/04\/wildix-smart-working-press-review-1.jpg\" \/>\n\t<meta property=\"og:image:width\" content=\"1200\" \/>\n\t<meta property=\"og:image:height\" content=\"675\" \/>\n\t<meta property=\"og:image:type\" content=\"image\/jpeg\" \/>\n<meta name=\"author\" content=\"Sylvia Hoelzl\" \/>\n<meta name=\"twitter:card\" content=\"summary_large_image\" \/>\n<meta name=\"twitter:label1\" content=\"Verfasst von\" \/>\n\t<meta name=\"twitter:data1\" content=\"Sylvia Hoelzl\" \/>\n\t<meta name=\"twitter:label2\" content=\"Gesch\u00e4tzte Lesezeit\" \/>\n\t<meta name=\"twitter:data2\" content=\"5 Minuten\" \/>\n<script type=\"application\/ld+json\" class=\"yoast-schema-graph\">{\"@context\":\"https:\/\/schema.org\",\"@graph\":[{\"@type\":\"Article\",\"@id\":\"https:\/\/old.wildix.com\/de\/digitale-solidaritaet-im-fokus\/#article\",\"isPartOf\":{\"@id\":\"https:\/\/old.wildix.com\/de\/digitale-solidaritaet-im-fokus\/\"},\"author\":{\"name\":\"Sylvia Hoelzl\",\"@id\":\"https:\/\/old.wildix.com\/#\/schema\/person\/8b76e2c0caafb4dc98ca4a7192c7856c\"},\"headline\":\"Digitale Solidarit\u00e4t im Fokus\",\"datePublished\":\"2020-07-10T10:00:11+00:00\",\"dateModified\":\"2020-10-12T06:27:11+00:00\",\"mainEntityOfPage\":{\"@id\":\"https:\/\/old.wildix.com\/de\/digitale-solidaritaet-im-fokus\/\"},\"wordCount\":1071,\"commentCount\":0,\"publisher\":{\"@id\":\"https:\/\/old.wildix.com\/#organization\"},\"articleSection\":[\"News German\"],\"inLanguage\":\"de-DE\",\"potentialAction\":[{\"@type\":\"CommentAction\",\"name\":\"Comment\",\"target\":[\"https:\/\/old.wildix.com\/de\/digitale-solidaritaet-im-fokus\/#respond\"]}]},{\"@type\":\"WebPage\",\"@id\":\"https:\/\/old.wildix.com\/de\/digitale-solidaritaet-im-fokus\/\",\"url\":\"https:\/\/old.wildix.com\/de\/digitale-solidaritaet-im-fokus\/\",\"name\":\"Digitale Solidarit\u00e4t im Fokus &#8226; Wildix\",\"isPartOf\":{\"@id\":\"https:\/\/old.wildix.com\/#website\"},\"datePublished\":\"2020-07-10T10:00:11+00:00\",\"dateModified\":\"2020-10-12T06:27:11+00:00\",\"description\":\"Der international agierende UC-Spezialist Wildix unterst\u00fctzt mit seiner Smart Working Initiative tatkr\u00e4ftig Unternehmenskunden beim Digitalisierungsprozess.\",\"breadcrumb\":{\"@id\":\"https:\/\/old.wildix.com\/de\/digitale-solidaritaet-im-fokus\/#breadcrumb\"},\"inLanguage\":\"de-DE\",\"potentialAction\":[{\"@type\":\"ReadAction\",\"target\":[\"https:\/\/old.wildix.com\/de\/digitale-solidaritaet-im-fokus\/\"]}]},{\"@type\":\"BreadcrumbList\",\"@id\":\"https:\/\/old.wildix.com\/de\/digitale-solidaritaet-im-fokus\/#breadcrumb\",\"itemListElement\":[{\"@type\":\"ListItem\",\"position\":1,\"name\":\"Home\",\"item\":\"https:\/\/old.wildix.com\/\"},{\"@type\":\"ListItem\",\"position\":2,\"name\":\"Digitale Solidarit\u00e4t im Fokus\"}]},{\"@type\":\"WebSite\",\"@id\":\"https:\/\/old.wildix.com\/#website\",\"url\":\"https:\/\/old.wildix.com\/\",\"name\":\"Wildix\",\"description\":\"Wildix PBX | VoIP Solutions | Unified Communications | WebRTC\",\"publisher\":{\"@id\":\"https:\/\/old.wildix.com\/#organization\"},\"potentialAction\":[{\"@type\":\"SearchAction\",\"target\":{\"@type\":\"EntryPoint\",\"urlTemplate\":\"https:\/\/old.wildix.com\/?s={search_term_string}\"},\"query-input\":\"required name=search_term_string\"}],\"inLanguage\":\"de-DE\"},{\"@type\":\"Organization\",\"@id\":\"https:\/\/old.wildix.com\/#organization\",\"name\":\"Wildix\",\"url\":\"https:\/\/old.wildix.com\/\",\"logo\":{\"@type\":\"ImageObject\",\"inLanguage\":\"de-DE\",\"@id\":\"https:\/\/old.wildix.com\/#\/schema\/logo\/image\/\",\"url\":\"https:\/\/old.wildix.com\/wp-content\/uploads\/2018\/04\/wildix-logo-2.png\",\"contentUrl\":\"https:\/\/old.wildix.com\/wp-content\/uploads\/2018\/04\/wildix-logo-2.png\",\"width\":440,\"height\":200,\"caption\":\"Wildix\"},\"image\":{\"@id\":\"https:\/\/old.wildix.com\/#\/schema\/logo\/image\/\"}},{\"@type\":\"Person\",\"@id\":\"https:\/\/old.wildix.com\/#\/schema\/person\/8b76e2c0caafb4dc98ca4a7192c7856c\",\"name\":\"Sylvia Hoelzl\"}]}<\/script>\n<!-- \/ Yoast SEO plugin. -->","yoast_head_json":{"title":"Digitale Solidarit\u00e4t im Fokus &#8226; Wildix","description":"Der international agierende UC-Spezialist Wildix unterst\u00fctzt mit seiner Smart Working Initiative tatkr\u00e4ftig Unternehmenskunden beim Digitalisierungsprozess.","robots":{"index":"noindex","follow":"follow","max-snippet":"max-snippet:-1","max-image-preview":"max-image-preview:large","max-video-preview":"max-video-preview:-1"},"og_locale":"de_DE","og_type":"article","og_title":"Digitale Solidarit\u00e4t im Fokus &#8226; Wildix","og_description":"Der international agierende UC-Spezialist Wildix unterst\u00fctzt mit seiner Smart Working Initiative tatkr\u00e4ftig Unternehmenskunden beim Digitalisierungsprozess.","og_url":"https:\/\/old.wildix.com\/de\/digitale-solidaritaet-im-fokus\/","og_site_name":"Wildix","article_published_time":"2020-07-10T10:00:11+00:00","article_modified_time":"2020-10-12T06:27:11+00:00","og_image":[{"width":1200,"height":675,"url":"https:\/\/old.wildix.com\/wp-content\/uploads\/2020\/04\/wildix-smart-working-press-review-1.jpg","type":"image\/jpeg"}],"author":"Sylvia Hoelzl","twitter_card":"summary_large_image","twitter_misc":{"Verfasst von":"Sylvia Hoelzl","Gesch\u00e4tzte Lesezeit":"5 Minuten"},"schema":{"@context":"https:\/\/schema.org","@graph":[{"@type":"Article","@id":"https:\/\/old.wildix.com\/de\/digitale-solidaritaet-im-fokus\/#article","isPartOf":{"@id":"https:\/\/old.wildix.com\/de\/digitale-solidaritaet-im-fokus\/"},"author":{"name":"Sylvia Hoelzl","@id":"https:\/\/old.wildix.com\/#\/schema\/person\/8b76e2c0caafb4dc98ca4a7192c7856c"},"headline":"Digitale Solidarit\u00e4t im Fokus","datePublished":"2020-07-10T10:00:11+00:00","dateModified":"2020-10-12T06:27:11+00:00","mainEntityOfPage":{"@id":"https:\/\/old.wildix.com\/de\/digitale-solidaritaet-im-fokus\/"},"wordCount":1071,"commentCount":0,"publisher":{"@id":"https:\/\/old.wildix.com\/#organization"},"articleSection":["News German"],"inLanguage":"de-DE","potentialAction":[{"@type":"CommentAction","name":"Comment","target":["https:\/\/old.wildix.com\/de\/digitale-solidaritaet-im-fokus\/#respond"]}]},{"@type":"WebPage","@id":"https:\/\/old.wildix.com\/de\/digitale-solidaritaet-im-fokus\/","url":"https:\/\/old.wildix.com\/de\/digitale-solidaritaet-im-fokus\/","name":"Digitale Solidarit\u00e4t im Fokus &#8226; Wildix","isPartOf":{"@id":"https:\/\/old.wildix.com\/#website"},"datePublished":"2020-07-10T10:00:11+00:00","dateModified":"2020-10-12T06:27:11+00:00","description":"Der international agierende UC-Spezialist Wildix unterst\u00fctzt mit seiner Smart Working Initiative tatkr\u00e4ftig Unternehmenskunden beim Digitalisierungsprozess.","breadcrumb":{"@id":"https:\/\/old.wildix.com\/de\/digitale-solidaritaet-im-fokus\/#breadcrumb"},"inLanguage":"de-DE","potentialAction":[{"@type":"ReadAction","target":["https:\/\/old.wildix.com\/de\/digitale-solidaritaet-im-fokus\/"]}]},{"@type":"BreadcrumbList","@id":"https:\/\/old.wildix.com\/de\/digitale-solidaritaet-im-fokus\/#breadcrumb","itemListElement":[{"@type":"ListItem","position":1,"name":"Home","item":"https:\/\/old.wildix.com\/"},{"@type":"ListItem","position":2,"name":"Digitale Solidarit\u00e4t im Fokus"}]},{"@type":"WebSite","@id":"https:\/\/old.wildix.com\/#website","url":"https:\/\/old.wildix.com\/","name":"Wildix","description":"Wildix PBX | VoIP Solutions | Unified Communications | WebRTC","publisher":{"@id":"https:\/\/old.wildix.com\/#organization"},"potentialAction":[{"@type":"SearchAction","target":{"@type":"EntryPoint","urlTemplate":"https:\/\/old.wildix.com\/?s={search_term_string}"},"query-input":"required name=search_term_string"}],"inLanguage":"de-DE"},{"@type":"Organization","@id":"https:\/\/old.wildix.com\/#organization","name":"Wildix","url":"https:\/\/old.wildix.com\/","logo":{"@type":"ImageObject","inLanguage":"de-DE","@id":"https:\/\/old.wildix.com\/#\/schema\/logo\/image\/","url":"https:\/\/old.wildix.com\/wp-content\/uploads\/2018\/04\/wildix-logo-2.png","contentUrl":"https:\/\/old.wildix.com\/wp-content\/uploads\/2018\/04\/wildix-logo-2.png","width":440,"height":200,"caption":"Wildix"},"image":{"@id":"https:\/\/old.wildix.com\/#\/schema\/logo\/image\/"}},{"@type":"Person","@id":"https:\/\/old.wildix.com\/#\/schema\/person\/8b76e2c0caafb4dc98ca4a7192c7856c","name":"Sylvia Hoelzl"}]}},"_links":{"self":[{"href":"https:\/\/old.wildix.com\/de\/wp-json\/wp\/v2\/posts\/7855653"}],"collection":[{"href":"https:\/\/old.wildix.com\/de\/wp-json\/wp\/v2\/posts"}],"about":[{"href":"https:\/\/old.wildix.com\/de\/wp-json\/wp\/v2\/types\/post"}],"author":[{"embeddable":true,"href":"https:\/\/old.wildix.com\/de\/wp-json\/wp\/v2\/users\/11"}],"replies":[{"embeddable":true,"href":"https:\/\/old.wildix.com\/de\/wp-json\/wp\/v2\/comments?post=7855653"}],"version-history":[{"count":0,"href":"https:\/\/old.wildix.com\/de\/wp-json\/wp\/v2\/posts\/7855653\/revisions"}],"wp:featuredmedia":[{"embeddable":true,"href":"https:\/\/old.wildix.com\/de\/wp-json\/wp\/v2\/media\/7850475"}],"wp:attachment":[{"href":"https:\/\/old.wildix.com\/de\/wp-json\/wp\/v2\/media?parent=7855653"}],"wp:term":[{"taxonomy":"category","embeddable":true,"href":"https:\/\/old.wildix.com\/de\/wp-json\/wp\/v2\/categories?post=7855653"},{"taxonomy":"post_tag","embeddable":true,"href":"https:\/\/old.wildix.com\/de\/wp-json\/wp\/v2\/tags?post=7855653"}],"curies":[{"name":"wp","href":"https:\/\/api.w.org\/{rel}","templated":true}]}}