{"id":7860311,"date":"2020-10-15T06:38:45","date_gmt":"2020-10-15T06:38:45","guid":{"rendered":"https:\/\/old2.wildix.com\/?p=7860311"},"modified":"2020-10-22T09:14:30","modified_gmt":"2020-10-22T09:14:30","slug":"ucc-talk","status":"publish","type":"post","link":"https:\/\/old.wildix.com\/de\/ucc-talk\/","title":{"rendered":"UCC-Talkrunde mit Wildix"},"content":{"rendered":"<section class=\"wpb-content-wrapper\">[vc_row][vc_column width=&#8220;1\/2&#8243;][mk_image src=&#8220;https:\/\/old.wildix.com\/wp-content\/uploads\/2020\/05\/unified-communications.jpg&#8220; image_size=&#8220;full&#8220; align=&#8220;center&#8220; margin_bottom=&#8220;30&#8243;][mk_padding_divider size=&#8220;15&#8243;][vc_column_text css=&#8220;.vc_custom_1602741643458{margin-bottom: 0px !important;}&#8220;]\n<p style=\"text-align: center;\"><strong>Der UCC-Talk mit Wildix:<br \/>\nBusiness-Kommunikation 4.0 erfolgreich einbinden<\/strong><\/p>\n<p style=\"text-align: center;\">Erfahren Sie mehr in unserem Hybrid-Event f\u00fcr ITK-Profis<\/p>\n<p style=\"text-align: center;\"><strong>Donnerstag, 5. November 2020 ab 15 Uhr<\/strong><\/p>\n[\/vc_column_text][mk_button dimension=&#8220;outline&#8220; corner_style=&#8220;full_rounded&#8220; size=&#8220;x-large&#8220; icon=&#8220;mk-icon-crosshairs&#8220; url=&#8220;https:\/\/webinar.wildix.com\/register\/therese.galetzka@wildix.com\/ucc-talk&#8220; target=&#8220;_blank&#8220; align=&#8220;center&#8220; outline_skin=&#8220;custom&#8220; outline_active_color=&#8220;#dd9933&#8243; outline_active_text_color=&#8220;#dd9933&#8243; outline_hover_bg_color=&#8220;#dd9933&#8243; outline_hover_color=&#8220;#ffffff&#8220;]Direkt zum Online-Stream anmelden[\/mk_button][mk_padding_divider size=&#8220;10&#8243;][vc_column_text css=&#8220;.vc_custom_1602743893828{margin-bottom: 0px !important;}&#8220;]\n<p style=\"text-align: center;\"><em>Sie m\u00f6chten live vor Ort am Wildix UCC-Talk teilnehmen?<\/em><br \/>\n<a href=\"https:\/\/af195.infusionsoft.app\/app\/form\/wildix-ucc-talk-2020\" target=\"_blank\" rel=\"noopener noreferrer\">Melden Sie sich hier an<\/a><br \/>\n<span style=\"font-size: 13px;\"><em>Eventlocation<\/em>: <a href=\"https:\/\/kraftverkehr-chemnitz.de\/\" target=\"_blank\" rel=\"noopener noreferrer\">Kraftverkehr<\/a>, Fraunhofer Stra\u00dfe 60, Chemnitz<\/span><\/p>\n[\/vc_column_text][mk_padding_divider size=&#8220;10&#8243;][vc_column_text css=&#8220;.vc_custom_1602741523973{margin-bottom: 0px !important;}&#8220;]Durch das Event f\u00fchren <b>Uwe Lindm\u00fcller<\/b> (Wildix DACH <em>Country Manager<\/em>) und <b>Michael Moderegger<\/b> (Wildix DACH <em>Senior Business Development Manager<\/em>) und zeigen auf, worauf es ankommt, um Ihre Kunden mit der innovativen WebRTC-Technologie von Wildix effektiv zu unterst\u00fctzen.[\/vc_column_text][\/vc_column][vc_column width=&#8220;1\/2&#8243;][vc_column_text css=&#8220;.vc_custom_1603358050498{margin-bottom: 0px !important;}&#8220;]\n<p style=\"text-align: center;\"><strong>Agenda<\/strong><br \/>\nzur UCC-Talkrunde mit Wildix<br \/>\n<span style=\"font-size: 13px;\">von 15:00 bis 16:30 Uhr<\/span><\/p>\n<ul>\n<li>Herausforderung Digitalisierung: Mut zur Innovation<\/li>\n<li>It&#8217;s all about Sales: So k\u00f6nnen Arbeitsprozesse optimiert werden<\/li>\n<li>Flexibilit\u00e4t ist Trumpf: Die Wildix L\u00f6sung f\u00fcr Kundenbed\u00fcrfnisse<\/li>\n<li>Demo der Wildix-Komplettl\u00f6sung<\/li>\n<li>Im Gespr\u00e4ch: Wildix Partner Best Practice<\/li>\n<li>Nur wenn es IHRE Kunden sind, ist es auch IHR Erfolg: Das Wildix Partnerschaftsmodell<\/li>\n<\/ul>\n[\/vc_column_text][mk_padding_divider size=&#8220;15&#8243;][vc_column_text css=&#8220;.vc_custom_1602749101201{margin-bottom: 0px !important;}&#8220;]<strong>Sind Sie fit f\u00fcr die Herausforderungen der Zukunft?<\/strong><\/p>\n<p>Der Bedarf an flexiblen Kommunikationssystemen und neuen Technologien ist in diesem Jahr sprunghaft angestiegen. Mit den wachsenden Herausforderungen und den unterschiedlichsten Anforderungsprofilen der Kunden, ist die ITK-Branche kr\u00e4ftig aufgemischt worden.<\/p>\n<p>Es werden <strong>agile L\u00f6sungen<\/strong> ben\u00f6tigt, um alle Bed\u00fcrfnisse der Kunden <strong>schnell<\/strong>, <strong>unkompliziert<\/strong> und <strong>skalierbar<\/strong> abdecken zu k\u00f6nnen. Die &#8222;neue Normalit\u00e4t&#8220; hat mittlerweile Eingang in unseren Arbeitsalltag gefunden \u2013 und wird bleiben.<\/p>\n<p>Die L\u00f6sungsans\u00e4tze sind ebenso vielseitig wie die aufgekommenen Fragen. Wir m\u00f6chten an konkreten Anwendungsszenarien aufzeigen, welche Aspekte besondere Beachtung verdienen.<\/p>\n<p><strong>Alle sprechen von hohen Margen und innovativen Features \u2013 wir wollen den Beweis antreten. Schauen Sie es sich selber an.\u200b\u200b\u200b\u200b\u200b\u200b\u200b<\/strong>[\/vc_column_text][\/vc_column][\/vc_row]\n<\/section>","protected":false},"excerpt":{"rendered":"<p>[vc_row][vc_column width=&#8220;1\/2&#8243;][mk_image src=&#8220;https:\/\/old.wildix.com\/wp-content\/uploads\/2020\/05\/unified-communications.jpg&#8220; image_size=&#8220;full&#8220; align=&#8220;center&#8220; margin_bottom=&#8220;30&#8243;][mk_padding_divider size=&#8220;15&#8243;][vc_column_text css=&#8220;.vc_custom_1602741643458{margin-bottom: 0px !important;}&#8220;] Der UCC-Talk mit Wildix: Business-Kommunikation 4.0 erfolgreich einbinden Erfahren Sie mehr in unserem Hybrid-Event f\u00fcr ITK-Profis Donnerstag, 5. November 2020 ab 15 Uhr [\/vc_column_text][mk_button dimension=&#8220;outline&#8220; corner_style=&#8220;full_rounded&#8220; size=&#8220;x-large&#8220; icon=&#8220;mk-icon-crosshairs&#8220; url=&#8220;https:\/\/webinar.wildix.com\/register\/therese.galetzka@wildix.com\/ucc-talk&#8220; target=&#8220;_blank&#8220; align=&#8220;center&#8220; outline_skin=&#8220;custom&#8220; outline_active_color=&#8220;#dd9933&#8243; outline_active_text_color=&#8220;#dd9933&#8243; outline_hover_bg_color=&#8220;#dd9933&#8243; outline_hover_color=&#8220;#ffffff&#8220;]Direkt zum Online-Stream anmelden[\/mk_button][mk_padding_divider size=&#8220;10&#8243;][vc_column_text css=&#8220;.vc_custom_1602743893828{margin-bottom: 0px !important;}&#8220;] Sie m\u00f6chten [&hellip;]<\/p>\n","protected":false},"author":11,"featured_media":7860467,"parent":0,"comment_status":"open","ping_status":"open","sticky":false,"template":"","format":"standard","meta":{"wpupg_custom_link":[],"wpupg_custom_link_behaviour":[],"wpupg_custom_image":[],"wpupg_custom_image_id":[],"footnotes":""},"categories":[211,100],"tags":[],"acf":[],"yoast_head":"<!-- This site is optimized with the Yoast SEO plugin v21.8 - https:\/\/yoast.com\/wordpress\/plugins\/seo\/ -->\n<title>UCC-Talk mit Wildix: Business-Kommunikation 4.0 erfolgreich einbinden<\/title>\n<meta name=\"description\" content=\"Erfahren Sie bei unserem Hybrid-Event f\u00fcr ITK-Profis, wie Sie mit der Wildix Komplett-L\u00f6sung auf die \u00dcberholspur wechseln.\" \/>\n<meta name=\"robots\" content=\"noindex, follow, max-snippet:-1, max-image-preview:large, max-video-preview:-1\" \/>\n<meta property=\"og:locale\" content=\"de_DE\" \/>\n<meta property=\"og:type\" content=\"article\" \/>\n<meta property=\"og:title\" content=\"UCC-Talkrunde | Mehr als klassische Telefonie \u2013 Unified Communications by Wildix\" \/>\n<meta property=\"og:description\" content=\"Erfahren Sie bei unserem Hybrid-Event f\u00fcr ITK-Profis, wie Sie mit der Wildix Komplett-L\u00f6sung auf die \u00dcberholspur wechseln.\" \/>\n<meta property=\"og:url\" content=\"https:\/\/old.wildix.com\/de\/ucc-talk\/\" \/>\n<meta property=\"og:site_name\" content=\"Wildix\" \/>\n<meta property=\"article:published_time\" content=\"2020-10-15T06:38:45+00:00\" \/>\n<meta property=\"article:modified_time\" content=\"2020-10-22T09:14:30+00:00\" \/>\n<meta property=\"og:image\" content=\"https:\/\/old.wildix.com\/wp-content\/uploads\/2020\/10\/ucc-talk.jpg\" \/>\n\t<meta property=\"og:image:width\" content=\"1144\" \/>\n\t<meta property=\"og:image:height\" content=\"600\" \/>\n\t<meta property=\"og:image:type\" content=\"image\/jpeg\" \/>\n<meta name=\"author\" content=\"Sylvia Hoelzl\" \/>\n<meta name=\"twitter:card\" content=\"summary_large_image\" \/>\n<meta name=\"twitter:title\" content=\"UCC-Talkrunde | Mehr als klassische Telefonie \u2013 Unified Communications by Wildix\" \/>\n<meta name=\"twitter:description\" content=\"Erfahren Sie bei unserem Hybrid-Event f\u00fcr ITK-Profis, wie Sie mit der Wildix Komplett-L\u00f6sung auf die \u00dcberholspur wechseln.\" \/>\n<meta name=\"twitter:image\" content=\"https:\/\/old.wildix.com\/wp-content\/uploads\/2020\/10\/ucc-talk.jpg\" \/>\n<meta name=\"twitter:label1\" content=\"Verfasst von\" \/>\n\t<meta name=\"twitter:data1\" content=\"Sylvia Hoelzl\" \/>\n\t<meta name=\"twitter:label2\" content=\"Gesch\u00e4tzte Lesezeit\" \/>\n\t<meta name=\"twitter:data2\" content=\"2 Minuten\" \/>\n<script type=\"application\/ld+json\" class=\"yoast-schema-graph\">{\"@context\":\"https:\/\/schema.org\",\"@graph\":[{\"@type\":\"Article\",\"@id\":\"https:\/\/old.wildix.com\/de\/ucc-talk\/#article\",\"isPartOf\":{\"@id\":\"https:\/\/old.wildix.com\/de\/ucc-talk\/\"},\"author\":{\"name\":\"Sylvia Hoelzl\",\"@id\":\"https:\/\/old.wildix.com\/#\/schema\/person\/8b76e2c0caafb4dc98ca4a7192c7856c\"},\"headline\":\"UCC-Talkrunde mit Wildix\",\"datePublished\":\"2020-10-15T06:38:45+00:00\",\"dateModified\":\"2020-10-22T09:14:30+00:00\",\"mainEntityOfPage\":{\"@id\":\"https:\/\/old.wildix.com\/de\/ucc-talk\/\"},\"wordCount\":424,\"commentCount\":0,\"publisher\":{\"@id\":\"https:\/\/old.wildix.com\/#organization\"},\"articleSection\":[\"Homepage\",\"News German\"],\"inLanguage\":\"de-DE\",\"potentialAction\":[{\"@type\":\"CommentAction\",\"name\":\"Comment\",\"target\":[\"https:\/\/old.wildix.com\/de\/ucc-talk\/#respond\"]}]},{\"@type\":\"WebPage\",\"@id\":\"https:\/\/old.wildix.com\/de\/ucc-talk\/\",\"url\":\"https:\/\/old.wildix.com\/de\/ucc-talk\/\",\"name\":\"UCC-Talk mit Wildix: Business-Kommunikation 4.0 erfolgreich einbinden\",\"isPartOf\":{\"@id\":\"https:\/\/old.wildix.com\/#website\"},\"datePublished\":\"2020-10-15T06:38:45+00:00\",\"dateModified\":\"2020-10-22T09:14:30+00:00\",\"description\":\"Erfahren Sie bei unserem Hybrid-Event f\u00fcr ITK-Profis, wie Sie mit der Wildix Komplett-L\u00f6sung auf die \u00dcberholspur wechseln.\",\"breadcrumb\":{\"@id\":\"https:\/\/old.wildix.com\/de\/ucc-talk\/#breadcrumb\"},\"inLanguage\":\"de-DE\",\"potentialAction\":[{\"@type\":\"ReadAction\",\"target\":[\"https:\/\/old.wildix.com\/de\/ucc-talk\/\"]}]},{\"@type\":\"BreadcrumbList\",\"@id\":\"https:\/\/old.wildix.com\/de\/ucc-talk\/#breadcrumb\",\"itemListElement\":[{\"@type\":\"ListItem\",\"position\":1,\"name\":\"Home\",\"item\":\"https:\/\/old.wildix.com\/\"},{\"@type\":\"ListItem\",\"position\":2,\"name\":\"UCC-Talkrunde mit Wildix\"}]},{\"@type\":\"WebSite\",\"@id\":\"https:\/\/old.wildix.com\/#website\",\"url\":\"https:\/\/old.wildix.com\/\",\"name\":\"Wildix\",\"description\":\"Wildix PBX | VoIP Solutions | Unified Communications | WebRTC\",\"publisher\":{\"@id\":\"https:\/\/old.wildix.com\/#organization\"},\"potentialAction\":[{\"@type\":\"SearchAction\",\"target\":{\"@type\":\"EntryPoint\",\"urlTemplate\":\"https:\/\/old.wildix.com\/?s={search_term_string}\"},\"query-input\":\"required name=search_term_string\"}],\"inLanguage\":\"de-DE\"},{\"@type\":\"Organization\",\"@id\":\"https:\/\/old.wildix.com\/#organization\",\"name\":\"Wildix\",\"url\":\"https:\/\/old.wildix.com\/\",\"logo\":{\"@type\":\"ImageObject\",\"inLanguage\":\"de-DE\",\"@id\":\"https:\/\/old.wildix.com\/#\/schema\/logo\/image\/\",\"url\":\"https:\/\/old.wildix.com\/wp-content\/uploads\/2018\/04\/wildix-logo-2.png\",\"contentUrl\":\"https:\/\/old.wildix.com\/wp-content\/uploads\/2018\/04\/wildix-logo-2.png\",\"width\":440,\"height\":200,\"caption\":\"Wildix\"},\"image\":{\"@id\":\"https:\/\/old.wildix.com\/#\/schema\/logo\/image\/\"}},{\"@type\":\"Person\",\"@id\":\"https:\/\/old.wildix.com\/#\/schema\/person\/8b76e2c0caafb4dc98ca4a7192c7856c\",\"name\":\"Sylvia Hoelzl\"}]}<\/script>\n<!-- \/ Yoast SEO plugin. -->","yoast_head_json":{"title":"UCC-Talk mit Wildix: Business-Kommunikation 4.0 erfolgreich einbinden","description":"Erfahren Sie bei unserem Hybrid-Event f\u00fcr ITK-Profis, wie Sie mit der Wildix Komplett-L\u00f6sung auf die \u00dcberholspur wechseln.","robots":{"index":"noindex","follow":"follow","max-snippet":"max-snippet:-1","max-image-preview":"max-image-preview:large","max-video-preview":"max-video-preview:-1"},"og_locale":"de_DE","og_type":"article","og_title":"UCC-Talkrunde | Mehr als klassische Telefonie \u2013 Unified Communications by Wildix","og_description":"Erfahren Sie bei unserem Hybrid-Event f\u00fcr ITK-Profis, wie Sie mit der Wildix Komplett-L\u00f6sung auf die \u00dcberholspur wechseln.","og_url":"https:\/\/old.wildix.com\/de\/ucc-talk\/","og_site_name":"Wildix","article_published_time":"2020-10-15T06:38:45+00:00","article_modified_time":"2020-10-22T09:14:30+00:00","og_image":[{"width":1144,"height":600,"url":"https:\/\/old.wildix.com\/wp-content\/uploads\/2020\/10\/ucc-talk.jpg","type":"image\/jpeg"}],"author":"Sylvia Hoelzl","twitter_card":"summary_large_image","twitter_title":"UCC-Talkrunde | Mehr als klassische Telefonie \u2013 Unified Communications by Wildix","twitter_description":"Erfahren Sie bei unserem Hybrid-Event f\u00fcr ITK-Profis, wie Sie mit der Wildix Komplett-L\u00f6sung auf die \u00dcberholspur wechseln.","twitter_image":"https:\/\/old.wildix.com\/wp-content\/uploads\/2020\/10\/ucc-talk.jpg","twitter_misc":{"Verfasst von":"Sylvia Hoelzl","Gesch\u00e4tzte Lesezeit":"2 Minuten"},"schema":{"@context":"https:\/\/schema.org","@graph":[{"@type":"Article","@id":"https:\/\/old.wildix.com\/de\/ucc-talk\/#article","isPartOf":{"@id":"https:\/\/old.wildix.com\/de\/ucc-talk\/"},"author":{"name":"Sylvia Hoelzl","@id":"https:\/\/old.wildix.com\/#\/schema\/person\/8b76e2c0caafb4dc98ca4a7192c7856c"},"headline":"UCC-Talkrunde mit Wildix","datePublished":"2020-10-15T06:38:45+00:00","dateModified":"2020-10-22T09:14:30+00:00","mainEntityOfPage":{"@id":"https:\/\/old.wildix.com\/de\/ucc-talk\/"},"wordCount":424,"commentCount":0,"publisher":{"@id":"https:\/\/old.wildix.com\/#organization"},"articleSection":["Homepage","News German"],"inLanguage":"de-DE","potentialAction":[{"@type":"CommentAction","name":"Comment","target":["https:\/\/old.wildix.com\/de\/ucc-talk\/#respond"]}]},{"@type":"WebPage","@id":"https:\/\/old.wildix.com\/de\/ucc-talk\/","url":"https:\/\/old.wildix.com\/de\/ucc-talk\/","name":"UCC-Talk mit Wildix: Business-Kommunikation 4.0 erfolgreich einbinden","isPartOf":{"@id":"https:\/\/old.wildix.com\/#website"},"datePublished":"2020-10-15T06:38:45+00:00","dateModified":"2020-10-22T09:14:30+00:00","description":"Erfahren Sie bei unserem Hybrid-Event f\u00fcr ITK-Profis, wie Sie mit der Wildix Komplett-L\u00f6sung auf die \u00dcberholspur wechseln.","breadcrumb":{"@id":"https:\/\/old.wildix.com\/de\/ucc-talk\/#breadcrumb"},"inLanguage":"de-DE","potentialAction":[{"@type":"ReadAction","target":["https:\/\/old.wildix.com\/de\/ucc-talk\/"]}]},{"@type":"BreadcrumbList","@id":"https:\/\/old.wildix.com\/de\/ucc-talk\/#breadcrumb","itemListElement":[{"@type":"ListItem","position":1,"name":"Home","item":"https:\/\/old.wildix.com\/"},{"@type":"ListItem","position":2,"name":"UCC-Talkrunde mit Wildix"}]},{"@type":"WebSite","@id":"https:\/\/old.wildix.com\/#website","url":"https:\/\/old.wildix.com\/","name":"Wildix","description":"Wildix PBX | VoIP Solutions | Unified Communications | WebRTC","publisher":{"@id":"https:\/\/old.wildix.com\/#organization"},"potentialAction":[{"@type":"SearchAction","target":{"@type":"EntryPoint","urlTemplate":"https:\/\/old.wildix.com\/?s={search_term_string}"},"query-input":"required name=search_term_string"}],"inLanguage":"de-DE"},{"@type":"Organization","@id":"https:\/\/old.wildix.com\/#organization","name":"Wildix","url":"https:\/\/old.wildix.com\/","logo":{"@type":"ImageObject","inLanguage":"de-DE","@id":"https:\/\/old.wildix.com\/#\/schema\/logo\/image\/","url":"https:\/\/old.wildix.com\/wp-content\/uploads\/2018\/04\/wildix-logo-2.png","contentUrl":"https:\/\/old.wildix.com\/wp-content\/uploads\/2018\/04\/wildix-logo-2.png","width":440,"height":200,"caption":"Wildix"},"image":{"@id":"https:\/\/old.wildix.com\/#\/schema\/logo\/image\/"}},{"@type":"Person","@id":"https:\/\/old.wildix.com\/#\/schema\/person\/8b76e2c0caafb4dc98ca4a7192c7856c","name":"Sylvia Hoelzl"}]}},"_links":{"self":[{"href":"https:\/\/old.wildix.com\/de\/wp-json\/wp\/v2\/posts\/7860311"}],"collection":[{"href":"https:\/\/old.wildix.com\/de\/wp-json\/wp\/v2\/posts"}],"about":[{"href":"https:\/\/old.wildix.com\/de\/wp-json\/wp\/v2\/types\/post"}],"author":[{"embeddable":true,"href":"https:\/\/old.wildix.com\/de\/wp-json\/wp\/v2\/users\/11"}],"replies":[{"embeddable":true,"href":"https:\/\/old.wildix.com\/de\/wp-json\/wp\/v2\/comments?post=7860311"}],"version-history":[{"count":0,"href":"https:\/\/old.wildix.com\/de\/wp-json\/wp\/v2\/posts\/7860311\/revisions"}],"wp:featuredmedia":[{"embeddable":true,"href":"https:\/\/old.wildix.com\/de\/wp-json\/wp\/v2\/media\/7860467"}],"wp:attachment":[{"href":"https:\/\/old.wildix.com\/de\/wp-json\/wp\/v2\/media?parent=7860311"}],"wp:term":[{"taxonomy":"category","embeddable":true,"href":"https:\/\/old.wildix.com\/de\/wp-json\/wp\/v2\/categories?post=7860311"},{"taxonomy":"post_tag","embeddable":true,"href":"https:\/\/old.wildix.com\/de\/wp-json\/wp\/v2\/tags?post=7860311"}],"curies":[{"name":"wp","href":"https:\/\/api.w.org\/{rel}","templated":true}]}}