{"id":7929601,"date":"2022-10-12T12:57:53","date_gmt":"2022-10-12T12:57:53","guid":{"rendered":"https:\/\/old2.wildix.com\/?p=7929601"},"modified":"2022-10-12T13:44:35","modified_gmt":"2022-10-12T13:44:35","slug":"wildix-celebra-su-exito-en-espana-con-su-primer-partner-day","status":"publish","type":"post","link":"https:\/\/old.wildix.com\/es\/wildix-celebra-su-exito-en-espana-con-su-primer-partner-day\/","title":{"rendered":"Wildix celebra su \u00e9xito en Espa\u00f1a con su primer Partner Day"},"content":{"rendered":"<section class=\"wpb-content-wrapper\">[vc_row][vc_column width=\u00bb2\/3&#8243;][vc_column_text css=\u00bb.vc_custom_1664443481859{margin-bottom: 0px !important;}\u00bb]<span style=\"background-color: #003366; color: #ffffff; padding: 10px 10px 10px 10px; border-radius: 3px;\">Nota de Prensa<\/span>[\/vc_column_text][vc_column_text css=\u00bb.vc_custom_1665579164259{margin-bottom: 0px !important;}\u00bb]Barcelona, Espa\u00f1a \u2014 7 de octubre de 2022 \u2014 Wildix, el desarrollador de la primera soluci\u00f3n UC&amp;C orientada a las ventas, reuni\u00f3 a toda su red de Partners este pasado jueves 6 de octubre en las Cavas Codorniu de Sant Sadurn\u00ed d\u2019Anoia, Barcelona, para celebrar su primer Partner Day en Espa\u00f1a con una jornada repleta de networking y presentaciones de todos los equipos de la organizaci\u00f3n.<\/p>\n<p>El evento cont\u00f3 con la presencia de dos invitados especiales, Alberto Benigno, CSO de Wildix y Araceli Segarra, la primera espa\u00f1ola en alcanzar la cumbre del Everest, adem\u00e1s de otros miembros de los equipos que conforman Wildix, que compartieron informaci\u00f3n para aumentar sus negocios y las de sus clientes.[\/vc_column_text][vc_column_text css=\u00bb.vc_custom_1665579220906{margin-top: 5px !important;border-left-width: 2px !important;padding-top: 2% !important;padding-right: 3% !important;padding-left: 3% !important;background-color: #f8f9fa !important;border-left-color: #f2f2f2 !important;border-left-style: solid !important;}\u00bb]<em>\u201cWildix se centra en ayudar a sus Partners a conseguir m\u00e1s, con nuestras soluciones innovadoras que rompen y reestructuran el modelo comercial tradicional,\u00a8 estableci\u00f3 <strong>Alberto Benigno, CSO<\/strong>, durante su discurso inaugural. \u00a8Pero nunca pienses que tienes todas las cartas para ganar. No te duermas. Un a\u00f1o m\u00e1s tarde desear\u00e1s haber empezado hoy. Gracias a todos por haber empezado ayer.\u201d<\/em>[\/vc_column_text][vc_row_inner css=\u00bb.vc_custom_1595343251288{border-left-width: 2px !important;padding-right: 3% !important;padding-bottom: 3% !important;padding-left: 3% !important;background-color: #f8f9fa !important;border-left-color: #f2f2f2 !important;border-left-style: solid !important;}\u00bb][vc_column_inner width=\u00bb1\/4&#8243;][mk_circle_image src=\u00bbhttps:\/\/old.wildix.com\/wp-content\/uploads\/2021\/01\/alberto-carlos-benigno-chief-sales-officer-at-wildix.jpg\u00bb image_diameter=\u00bb138&#8243;][\/vc_column_inner][vc_column_inner width=\u00bb3\/4&#8243;][mk_padding_divider size=\u00bb30&#8243;][vc_column_text css=\u00bb.vc_custom_1665579282512{margin-bottom: 0px !important;}\u00bb]<strong>Alberto Benigno,<\/strong><br \/>\n<strong>CSO de Wildix<\/strong>[\/vc_column_text][\/vc_column_inner][\/vc_row_inner][mk_padding_divider size=\u00bb30&#8243;][vc_column_text css=\u00bb.vc_custom_1665579358158{margin-bottom: 0px !important;}\u00bb]Durante el evento exclusivo, 50 asistentes disfrutaron de un Tour privado por las bodegas con una degustaci\u00f3n, una cena en los jardines de Codorn\u00edu y una ceremonia de entrega de premios para los Top Partners 2022:<\/p>\n<ul>\n<li>Best Rookie &#8211; Global6 Tem<\/li>\n<li>Aportando Valor desde la Integraci\u00f3n &#8211; Euskotel<\/li>\n<li>Top Sales &#8211; Sozias<\/li>\n<li>Top Sales Licencias &#8211; Grupo Royal Telecom<\/li>\n<li>Top Sales CLASSOUND &#8211; Sozias<\/li>\n<li>Top Sales HWaaS &#8211; Sv-Phone<\/li>\n<\/ul>\n[\/vc_column_text][mk_padding_divider size=\u00bb10&#8243;][vc_single_image image=\u00bb7929607&#8243; img_size=\u00bblarge\u00bb alignment=\u00bbcenter\u00bb][vc_column_text css=\u00bb.vc_custom_1665579410938{margin-top: 5px !important;border-left-width: 2px !important;padding-top: 2% !important;padding-right: 3% !important;padding-left: 3% !important;background-color: #f8f9fa !important;border-left-color: #f2f2f2 !important;border-left-style: solid !important;}\u00bb]<em>\u00abWildix comenz\u00f3 a operar en Espa\u00f1a a mediados de 2019 y como ya sabemos, esto supuso un reto para todos tanto profesional como personalmente por la pandemia,\u00a8 relat\u00f3 <strong>Julia Cabrero, Marketing Manager de Wildix Espa\u00f1a<\/strong>. \u00a8Para mi, este d\u00eda es la prueba de haberlo superado.\u00bb<\/em>[\/vc_column_text][vc_row_inner css=\u00bb.vc_custom_1595343251288{border-left-width: 2px !important;padding-right: 3% !important;padding-bottom: 3% !important;padding-left: 3% !important;background-color: #f8f9fa !important;border-left-color: #f2f2f2 !important;border-left-style: solid !important;}\u00bb][vc_column_inner width=\u00bb1\/4&#8243;][mk_circle_image src=\u00bbhttps:\/\/old.wildix.com\/wp-content\/uploads\/2022\/10\/julia-cabrero-marketing-manager-de-wildix-espan.jpg\u00bb image_diameter=\u00bb138&#8243;][\/vc_column_inner][vc_column_inner width=\u00bb3\/4&#8243;][mk_padding_divider size=\u00bb30&#8243;][vc_column_text css=\u00bb.vc_custom_1665579467005{margin-bottom: 0px !important;}\u00bb]<strong>Julia Cabrero,<\/strong><br \/>\n<strong>Marketing Manager de Wildix Espa\u00f1a<\/strong>[\/vc_column_text][\/vc_column_inner][\/vc_row_inner][mk_padding_divider size=\u00bb30&#8243;][vc_column_text css=\u00bb.vc_custom_1665579695711{margin-bottom: 0px !important;}\u00bb]La conferencia revel\u00f3 las novedades Wildix como x-bees, la nueva plataforma UCaaS para aumentar las ventas, y x-hoppers, un sistema de auriculares integral para el comercio. Wildix tambi\u00e9n afirm\u00f3 que Catal\u00e1n vendr\u00e1 a la plataforma Collaboration.[\/vc_column_text][mk_padding_divider size=\u00bb10&#8243;][vc_single_image image=\u00bb7929608&#8243; img_size=\u00bblarge\u00bb alignment=\u00bbcenter\u00bb][\/vc_column][vc_column width=\u00bb1\/3&#8243;][mk_image src=\u00bbhttps:\/\/old.wildix.com\/wp-content\/uploads\/2022\/10\/wildix-celebra-su-exito-en-espana-con-su-primer-partner-day.jpg\u00bb image_size=\u00bbfull\u00bb lightbox=\u00bbtrue\u00bb frame_style=\u00bbsingle_line\u00bb align=\u00bbcenter\u00bb margin_bottom=\u00bb30&#8243;][\/vc_column][\/vc_row]\n<\/section>","protected":false},"excerpt":{"rendered":"<p>[vc_row][vc_column width=\u00bb2\/3&#8243;][vc_column_text css=\u00bb.vc_custom_1664443481859{margin-bottom: 0px !important;}\u00bb]Nota de Prensa[\/vc_column_text][vc_column_text css=\u00bb.vc_custom_1665579164259{margin-bottom: 0px !important;}\u00bb]Barcelona, Espa\u00f1a \u2014 7 de octubre de 2022 \u2014 Wildix, el desarrollador de la primera soluci\u00f3n UC&amp;C orientada a las ventas, reuni\u00f3 a toda su red de Partners este pasado jueves 6 de octubre en las Cavas Codorniu de Sant Sadurn\u00ed d\u2019Anoia, Barcelona, para celebrar su [&hellip;]<\/p>\n","protected":false},"author":40,"featured_media":7929606,"parent":0,"comment_status":"open","ping_status":"open","sticky":false,"template":"","format":"standard","meta":{"wpupg_custom_link":[],"wpupg_custom_link_behaviour":["default"],"wpupg_custom_image":[],"wpupg_custom_image_id":[],"footnotes":""},"categories":[143],"tags":[],"acf":[],"yoast_head":"<!-- This site is optimized with the Yoast SEO plugin v21.8 - https:\/\/yoast.com\/wordpress\/plugins\/seo\/ -->\n<title>Wildix celebra su \u00e9xito en Espa\u00f1a con un Partner Day | Wildix<\/title>\n<meta name=\"description\" content=\"Wildix reuni\u00f3 a toda su red de Partners para celebrar un Partner Day en Espa\u00f1a. Descubre todo los detalles sobre este evento y su ranking de Top Partners para 2022.\" \/>\n<meta name=\"robots\" content=\"noindex, follow, max-snippet:-1, max-image-preview:large, max-video-preview:-1\" \/>\n<meta property=\"og:locale\" content=\"es_ES\" \/>\n<meta property=\"og:type\" content=\"article\" \/>\n<meta property=\"og:title\" content=\"Wildix celebra su \u00e9xito en Espa\u00f1a con un Partner Day | Wildix\" \/>\n<meta property=\"og:description\" content=\"Wildix reuni\u00f3 a toda su red de Partners para celebrar un Partner Day en Espa\u00f1a. Descubre todo los detalles sobre este evento y su ranking de Top Partners para 2022.\" \/>\n<meta property=\"og:url\" content=\"https:\/\/old.wildix.com\/es\/wildix-celebra-su-exito-en-espana-con-su-primer-partner-day\/\" \/>\n<meta property=\"og:site_name\" content=\"Wildix\" \/>\n<meta property=\"article:published_time\" content=\"2022-10-12T12:57:53+00:00\" \/>\n<meta property=\"article:modified_time\" content=\"2022-10-12T13:44:35+00:00\" \/>\n<meta property=\"og:image\" content=\"https:\/\/old.wildix.com\/wp-content\/uploads\/2022\/10\/wildix-celebra-su-exito-en-espana-con-su-primer-partner-day.jpg\" \/>\n\t<meta property=\"og:image:width\" content=\"1200\" \/>\n\t<meta property=\"og:image:height\" content=\"630\" \/>\n\t<meta property=\"og:image:type\" content=\"image\/jpeg\" \/>\n<meta name=\"author\" content=\"svetlana.osavelyk\" \/>\n<meta name=\"twitter:card\" content=\"summary_large_image\" \/>\n<meta name=\"twitter:image\" content=\"https:\/\/old.wildix.com\/wp-content\/uploads\/2022\/10\/wildix-celebra-su-exito-en-espana-con-su-primer-partner-day.jpg\" \/>\n<meta name=\"twitter:label1\" content=\"Escrito por\" \/>\n\t<meta name=\"twitter:data1\" content=\"svetlana.osavelyk\" \/>\n\t<meta name=\"twitter:label2\" content=\"Tiempo de lectura\" \/>\n\t<meta name=\"twitter:data2\" content=\"2 minutos\" \/>\n<script type=\"application\/ld+json\" class=\"yoast-schema-graph\">{\"@context\":\"https:\/\/schema.org\",\"@graph\":[{\"@type\":\"Article\",\"@id\":\"https:\/\/old.wildix.com\/es\/wildix-celebra-su-exito-en-espana-con-su-primer-partner-day\/#article\",\"isPartOf\":{\"@id\":\"https:\/\/old.wildix.com\/es\/wildix-celebra-su-exito-en-espana-con-su-primer-partner-day\/\"},\"author\":{\"name\":\"svetlana.osavelyk\",\"@id\":\"https:\/\/old.wildix.com\/#\/schema\/person\/2b4b1fd61dc21697e9e781bbe325799a\"},\"headline\":\"Wildix celebra su \u00e9xito en Espa\u00f1a con su primer Partner Day\",\"datePublished\":\"2022-10-12T12:57:53+00:00\",\"dateModified\":\"2022-10-12T13:44:35+00:00\",\"mainEntityOfPage\":{\"@id\":\"https:\/\/old.wildix.com\/es\/wildix-celebra-su-exito-en-espana-con-su-primer-partner-day\/\"},\"wordCount\":704,\"commentCount\":0,\"publisher\":{\"@id\":\"https:\/\/old.wildix.com\/#organization\"},\"articleSection\":[\"News SPA\"],\"inLanguage\":\"es\",\"potentialAction\":[{\"@type\":\"CommentAction\",\"name\":\"Comment\",\"target\":[\"https:\/\/old.wildix.com\/es\/wildix-celebra-su-exito-en-espana-con-su-primer-partner-day\/#respond\"]}]},{\"@type\":\"WebPage\",\"@id\":\"https:\/\/old.wildix.com\/es\/wildix-celebra-su-exito-en-espana-con-su-primer-partner-day\/\",\"url\":\"https:\/\/old.wildix.com\/es\/wildix-celebra-su-exito-en-espana-con-su-primer-partner-day\/\",\"name\":\"Wildix celebra su \u00e9xito en Espa\u00f1a con un Partner Day | Wildix\",\"isPartOf\":{\"@id\":\"https:\/\/old.wildix.com\/#website\"},\"datePublished\":\"2022-10-12T12:57:53+00:00\",\"dateModified\":\"2022-10-12T13:44:35+00:00\",\"description\":\"Wildix reuni\u00f3 a toda su red de Partners para celebrar un Partner Day en Espa\u00f1a. Descubre todo los detalles sobre este evento y su ranking de Top Partners para 2022.\",\"breadcrumb\":{\"@id\":\"https:\/\/old.wildix.com\/es\/wildix-celebra-su-exito-en-espana-con-su-primer-partner-day\/#breadcrumb\"},\"inLanguage\":\"es\",\"potentialAction\":[{\"@type\":\"ReadAction\",\"target\":[\"https:\/\/old.wildix.com\/es\/wildix-celebra-su-exito-en-espana-con-su-primer-partner-day\/\"]}]},{\"@type\":\"BreadcrumbList\",\"@id\":\"https:\/\/old.wildix.com\/es\/wildix-celebra-su-exito-en-espana-con-su-primer-partner-day\/#breadcrumb\",\"itemListElement\":[{\"@type\":\"ListItem\",\"position\":1,\"name\":\"Home\",\"item\":\"https:\/\/old.wildix.com\/\"},{\"@type\":\"ListItem\",\"position\":2,\"name\":\"Wildix celebra su \u00e9xito en Espa\u00f1a con su primer Partner Day\"}]},{\"@type\":\"WebSite\",\"@id\":\"https:\/\/old.wildix.com\/#website\",\"url\":\"https:\/\/old.wildix.com\/\",\"name\":\"Wildix\",\"description\":\"Wildix PBX | VoIP Solutions | Unified Communications | WebRTC\",\"publisher\":{\"@id\":\"https:\/\/old.wildix.com\/#organization\"},\"potentialAction\":[{\"@type\":\"SearchAction\",\"target\":{\"@type\":\"EntryPoint\",\"urlTemplate\":\"https:\/\/old.wildix.com\/?s={search_term_string}\"},\"query-input\":\"required name=search_term_string\"}],\"inLanguage\":\"es\"},{\"@type\":\"Organization\",\"@id\":\"https:\/\/old.wildix.com\/#organization\",\"name\":\"Wildix\",\"url\":\"https:\/\/old.wildix.com\/\",\"logo\":{\"@type\":\"ImageObject\",\"inLanguage\":\"es\",\"@id\":\"https:\/\/old.wildix.com\/#\/schema\/logo\/image\/\",\"url\":\"https:\/\/old.wildix.com\/wp-content\/uploads\/2018\/04\/wildix-logo-2.png\",\"contentUrl\":\"https:\/\/old.wildix.com\/wp-content\/uploads\/2018\/04\/wildix-logo-2.png\",\"width\":440,\"height\":200,\"caption\":\"Wildix\"},\"image\":{\"@id\":\"https:\/\/old.wildix.com\/#\/schema\/logo\/image\/\"}},{\"@type\":\"Person\",\"@id\":\"https:\/\/old.wildix.com\/#\/schema\/person\/2b4b1fd61dc21697e9e781bbe325799a\",\"name\":\"svetlana.osavelyk\",\"sameAs\":[\"ivan.mic\"]}]}<\/script>\n<!-- \/ Yoast SEO plugin. -->","yoast_head_json":{"title":"Wildix celebra su \u00e9xito en Espa\u00f1a con un Partner Day | Wildix","description":"Wildix reuni\u00f3 a toda su red de Partners para celebrar un Partner Day en Espa\u00f1a. Descubre todo los detalles sobre este evento y su ranking de Top Partners para 2022.","robots":{"index":"noindex","follow":"follow","max-snippet":"max-snippet:-1","max-image-preview":"max-image-preview:large","max-video-preview":"max-video-preview:-1"},"og_locale":"es_ES","og_type":"article","og_title":"Wildix celebra su \u00e9xito en Espa\u00f1a con un Partner Day | Wildix","og_description":"Wildix reuni\u00f3 a toda su red de Partners para celebrar un Partner Day en Espa\u00f1a. Descubre todo los detalles sobre este evento y su ranking de Top Partners para 2022.","og_url":"https:\/\/old.wildix.com\/es\/wildix-celebra-su-exito-en-espana-con-su-primer-partner-day\/","og_site_name":"Wildix","article_published_time":"2022-10-12T12:57:53+00:00","article_modified_time":"2022-10-12T13:44:35+00:00","og_image":[{"width":1200,"height":630,"url":"https:\/\/old.wildix.com\/wp-content\/uploads\/2022\/10\/wildix-celebra-su-exito-en-espana-con-su-primer-partner-day.jpg","type":"image\/jpeg"}],"author":"svetlana.osavelyk","twitter_card":"summary_large_image","twitter_image":"https:\/\/old.wildix.com\/wp-content\/uploads\/2022\/10\/wildix-celebra-su-exito-en-espana-con-su-primer-partner-day.jpg","twitter_misc":{"Escrito por":"svetlana.osavelyk","Tiempo de lectura":"2 minutos"},"schema":{"@context":"https:\/\/schema.org","@graph":[{"@type":"Article","@id":"https:\/\/old.wildix.com\/es\/wildix-celebra-su-exito-en-espana-con-su-primer-partner-day\/#article","isPartOf":{"@id":"https:\/\/old.wildix.com\/es\/wildix-celebra-su-exito-en-espana-con-su-primer-partner-day\/"},"author":{"name":"svetlana.osavelyk","@id":"https:\/\/old.wildix.com\/#\/schema\/person\/2b4b1fd61dc21697e9e781bbe325799a"},"headline":"Wildix celebra su \u00e9xito en Espa\u00f1a con su primer Partner Day","datePublished":"2022-10-12T12:57:53+00:00","dateModified":"2022-10-12T13:44:35+00:00","mainEntityOfPage":{"@id":"https:\/\/old.wildix.com\/es\/wildix-celebra-su-exito-en-espana-con-su-primer-partner-day\/"},"wordCount":704,"commentCount":0,"publisher":{"@id":"https:\/\/old.wildix.com\/#organization"},"articleSection":["News SPA"],"inLanguage":"es","potentialAction":[{"@type":"CommentAction","name":"Comment","target":["https:\/\/old.wildix.com\/es\/wildix-celebra-su-exito-en-espana-con-su-primer-partner-day\/#respond"]}]},{"@type":"WebPage","@id":"https:\/\/old.wildix.com\/es\/wildix-celebra-su-exito-en-espana-con-su-primer-partner-day\/","url":"https:\/\/old.wildix.com\/es\/wildix-celebra-su-exito-en-espana-con-su-primer-partner-day\/","name":"Wildix celebra su \u00e9xito en Espa\u00f1a con un Partner Day | Wildix","isPartOf":{"@id":"https:\/\/old.wildix.com\/#website"},"datePublished":"2022-10-12T12:57:53+00:00","dateModified":"2022-10-12T13:44:35+00:00","description":"Wildix reuni\u00f3 a toda su red de Partners para celebrar un Partner Day en Espa\u00f1a. Descubre todo los detalles sobre este evento y su ranking de Top Partners para 2022.","breadcrumb":{"@id":"https:\/\/old.wildix.com\/es\/wildix-celebra-su-exito-en-espana-con-su-primer-partner-day\/#breadcrumb"},"inLanguage":"es","potentialAction":[{"@type":"ReadAction","target":["https:\/\/old.wildix.com\/es\/wildix-celebra-su-exito-en-espana-con-su-primer-partner-day\/"]}]},{"@type":"BreadcrumbList","@id":"https:\/\/old.wildix.com\/es\/wildix-celebra-su-exito-en-espana-con-su-primer-partner-day\/#breadcrumb","itemListElement":[{"@type":"ListItem","position":1,"name":"Home","item":"https:\/\/old.wildix.com\/"},{"@type":"ListItem","position":2,"name":"Wildix celebra su \u00e9xito en Espa\u00f1a con su primer Partner Day"}]},{"@type":"WebSite","@id":"https:\/\/old.wildix.com\/#website","url":"https:\/\/old.wildix.com\/","name":"Wildix","description":"Wildix PBX | VoIP Solutions | Unified Communications | WebRTC","publisher":{"@id":"https:\/\/old.wildix.com\/#organization"},"potentialAction":[{"@type":"SearchAction","target":{"@type":"EntryPoint","urlTemplate":"https:\/\/old.wildix.com\/?s={search_term_string}"},"query-input":"required name=search_term_string"}],"inLanguage":"es"},{"@type":"Organization","@id":"https:\/\/old.wildix.com\/#organization","name":"Wildix","url":"https:\/\/old.wildix.com\/","logo":{"@type":"ImageObject","inLanguage":"es","@id":"https:\/\/old.wildix.com\/#\/schema\/logo\/image\/","url":"https:\/\/old.wildix.com\/wp-content\/uploads\/2018\/04\/wildix-logo-2.png","contentUrl":"https:\/\/old.wildix.com\/wp-content\/uploads\/2018\/04\/wildix-logo-2.png","width":440,"height":200,"caption":"Wildix"},"image":{"@id":"https:\/\/old.wildix.com\/#\/schema\/logo\/image\/"}},{"@type":"Person","@id":"https:\/\/old.wildix.com\/#\/schema\/person\/2b4b1fd61dc21697e9e781bbe325799a","name":"svetlana.osavelyk","sameAs":["ivan.mic"]}]}},"_links":{"self":[{"href":"https:\/\/old.wildix.com\/es\/wp-json\/wp\/v2\/posts\/7929601"}],"collection":[{"href":"https:\/\/old.wildix.com\/es\/wp-json\/wp\/v2\/posts"}],"about":[{"href":"https:\/\/old.wildix.com\/es\/wp-json\/wp\/v2\/types\/post"}],"author":[{"embeddable":true,"href":"https:\/\/old.wildix.com\/es\/wp-json\/wp\/v2\/users\/40"}],"replies":[{"embeddable":true,"href":"https:\/\/old.wildix.com\/es\/wp-json\/wp\/v2\/comments?post=7929601"}],"version-history":[{"count":0,"href":"https:\/\/old.wildix.com\/es\/wp-json\/wp\/v2\/posts\/7929601\/revisions"}],"wp:featuredmedia":[{"embeddable":true,"href":"https:\/\/old.wildix.com\/es\/wp-json\/wp\/v2\/media\/7929606"}],"wp:attachment":[{"href":"https:\/\/old.wildix.com\/es\/wp-json\/wp\/v2\/media?parent=7929601"}],"wp:term":[{"taxonomy":"category","embeddable":true,"href":"https:\/\/old.wildix.com\/es\/wp-json\/wp\/v2\/categories?post=7929601"},{"taxonomy":"post_tag","embeddable":true,"href":"https:\/\/old.wildix.com\/es\/wp-json\/wp\/v2\/tags?post=7929601"}],"curies":[{"name":"wp","href":"https:\/\/api.w.org\/{rel}","templated":true}]}}